{"id":10770,"date":"2017-07-27T15:59:00","date_gmt":"2017-07-27T13:59:00","guid":{"rendered":"https:\/\/www.ringier.com\/?p=10770"},"modified":"2025-07-18T10:34:50","modified_gmt":"2025-07-18T08:34:50","slug":"spitzenkoch-andreas-caminada-engagiert-sich-neu-fuer-ringier","status":"publish","type":"post","link":"https:\/\/www.ringier.com\/de\/spitzenkoch-andreas-caminada-engagiert-sich-neu-fuer-ringier\/","title":{"rendered":"Spitzenkoch Andreas Caminada engagiert sich neu f\u00fcr Ringier"},"content":{"rendered":"\n<p>Die Zusammenarbeit umfasst kommunikative und repr\u00e4sentative Auftritte f\u00fcr Ringier. Zudem engagiert sich der B\u00fcndner Spitzenkoch f\u00fcr den im April dieses Jahres von Ringier Axel Springer Schweiz (RASCH) erfolgreich lancierten&nbsp;<a href=\"https:\/\/www.gaultmillau.ch\/\">GaultMillau-Channel<\/a>&nbsp;(<em>www.gaultmillau.ch<\/em>). Er stellt dem Food- &amp; Lifestyleportal eine Auswahl seiner Rezepte zur Verf\u00fcgung und dreht in seinem Restaurant Schloss Schauenstein bei F\u00fcrstenau GR jede Woche ein Rezeptvideo. Regelm\u00e4ssig l\u00e4dt er dazu auch prominente G\u00e4ste ein, wie etwa Olympiasiegerin Dominique Gisin oder Eishockeystar Nino Niederreiter.<\/p>\n\n\n\n<p>Andreas Caminada: \u00abDie Schweizer Esskultur zu st\u00e4rken, ist f\u00fcr mich sehr wichtig. Mit der Lancierung des GaultMillau-Channels arbeitet Ringier genau in diese Richtung. Es freut mich deshalb sehr, mit dem Schweizer Medienunternehmen enger zusammenarbeiten zu d\u00fcrfen.\u00bb<\/p>\n\n\n\n<p>Andreas Caminada gilt mit 19 GaultMillau-Punkten und drei Michelin-Sternen als einer der besten K\u00f6che der Schweiz. Gleich zweimal holte er sich den Ehrentitel \u00abGaultMillau Koch des Jahres\u00bb.<\/p>\n\n\n\n<p>Urs Heller, Leiter Zeitschriften Ringier Axel Springer Schweiz, zur Zusammenarbeit: \u00abAndreas Caminada ist ein echter Starchef: 19 Punkte im GaultMillau, drei Sterne im Guide Michelin sind in der Koch-Szene die H\u00f6chstnoten. Wir freuen uns, dass Andreas Caminada zum \u2039Anchorman\u203a des GaultMillau-Channels wird.\u00bb<\/p>\n\n\n\n<figure class=\"wp-block-gallery has-nested-images columns-default is-cropped wp-block-gallery-1 is-layout-flex wp-block-gallery-is-layout-flex\">\n<figure class=\"wp-block-image size-large\"><img loading=\"lazy\" decoding=\"async\" width=\"1024\" height=\"683\" data-id=\"10771\" src=\"https:\/\/www.ringier.com\/wp-content\/uploads\/2021\/10\/Andreas_Caminada_1-1024x683.jpg\" alt=\"\" class=\"wp-image-10771\" srcset=\"https:\/\/www.ringier.com\/wp-content\/uploads\/2021\/10\/Andreas_Caminada_1-1024x683.jpg 1024w, https:\/\/www.ringier.com\/wp-content\/uploads\/2021\/10\/Andreas_Caminada_1-300x200.jpg 300w, https:\/\/www.ringier.com\/wp-content\/uploads\/2021\/10\/Andreas_Caminada_1-768x512.jpg 768w, https:\/\/www.ringier.com\/wp-content\/uploads\/2021\/10\/Andreas_Caminada_1-1600x1067.jpg 1600w, https:\/\/www.ringier.com\/wp-content\/uploads\/2021\/10\/Andreas_Caminada_1-1536x1024.jpg 1536w, https:\/\/www.ringier.com\/wp-content\/uploads\/2021\/10\/Andreas_Caminada_1-2048x1366.jpg 2048w\" sizes=\"auto, (max-width: 1024px) 100vw, 1024px\" \/><\/figure>\n\n\n\n<figure class=\"wp-block-image size-large\"><img loading=\"lazy\" decoding=\"async\" width=\"683\" height=\"1024\" data-id=\"10774\" src=\"https:\/\/www.ringier.com\/wp-content\/uploads\/2021\/10\/Andreas_Caminada_2-683x1024.jpg\" alt=\"\" class=\"wp-image-10774\" srcset=\"https:\/\/www.ringier.com\/wp-content\/uploads\/2021\/10\/Andreas_Caminada_2-683x1024.jpg 683w, https:\/\/www.ringier.com\/wp-content\/uploads\/2021\/10\/Andreas_Caminada_2-200x300.jpg 200w, https:\/\/www.ringier.com\/wp-content\/uploads\/2021\/10\/Andreas_Caminada_2-768x1152.jpg 768w, https:\/\/www.ringier.com\/wp-content\/uploads\/2021\/10\/Andreas_Caminada_2-1600x2400.jpg 1600w, https:\/\/www.ringier.com\/wp-content\/uploads\/2021\/10\/Andreas_Caminada_2-1024x1536.jpg 1024w, https:\/\/www.ringier.com\/wp-content\/uploads\/2021\/10\/Andreas_Caminada_2-1365x2048.jpg 1365w, https:\/\/www.ringier.com\/wp-content\/uploads\/2021\/10\/Andreas_Caminada_2-scaled.jpg 1707w\" sizes=\"auto, (max-width: 683px) 100vw, 683px\" \/><\/figure>\n\n\n\n<figure class=\"wp-block-image size-large\"><img loading=\"lazy\" decoding=\"async\" width=\"1024\" height=\"683\" data-id=\"10777\" src=\"https:\/\/www.ringier.com\/wp-content\/uploads\/2021\/10\/Andreas_Caminada_3-1024x683.jpg\" alt=\"\" class=\"wp-image-10777\" srcset=\"https:\/\/www.ringier.com\/wp-content\/uploads\/2021\/10\/Andreas_Caminada_3-1024x683.jpg 1024w, https:\/\/www.ringier.com\/wp-content\/uploads\/2021\/10\/Andreas_Caminada_3-300x200.jpg 300w, https:\/\/www.ringier.com\/wp-content\/uploads\/2021\/10\/Andreas_Caminada_3-768x512.jpg 768w, https:\/\/www.ringier.com\/wp-content\/uploads\/2021\/10\/Andreas_Caminada_3-1600x1067.jpg 1600w, https:\/\/www.ringier.com\/wp-content\/uploads\/2021\/10\/Andreas_Caminada_3-1536x1024.jpg 1536w, https:\/\/www.ringier.com\/wp-content\/uploads\/2021\/10\/Andreas_Caminada_3-2048x1366.jpg 2048w\" sizes=\"auto, (max-width: 1024px) 100vw, 1024px\" \/><\/figure>\n<\/figure>\n","protected":false},"excerpt":{"rendered":"<p>Andreas Caminada wird kulinarischer Ambassador von Ringier und unterst\u00fctzt den neuen Food &#038; Lifestyle-Channel von GaultMillau Schweiz. Das Medienhaus Ringier und der Koch-Profi haben sich diesbez\u00fcglich f\u00fcr eine Zusammenarbeit gefunden.<\/p>\n","protected":false},"author":23,"featured_media":10780,"comment_status":"closed","ping_status":"open","sticky":false,"template":"","format":"standard","meta":{"inline_featured_image":false,"footnotes":""},"categories":[371,361],"tags":[],"class_list":["post-10770","post","type-post","status-publish","format-standard","has-post-thumbnail","hentry","category-media-de","category-ringier-medien-schweiz"],"yoast_head":"<!-- This site is optimized with the Yoast SEO Premium plugin v27.0 (Yoast SEO v27.0) - https:\/\/yoast.com\/product\/yoast-seo-premium-wordpress\/ -->\n<title>Spitzenkoch Andreas Caminada engagiert sich neu f\u00fcr Ringier - Ringier<\/title>\n<meta name=\"robots\" content=\"index, follow, max-snippet:-1, max-image-preview:large, max-video-preview:-1\" \/>\n<link rel=\"canonical\" href=\"https:\/\/www.ringier.com\/de\/spitzenkoch-andreas-caminada-engagiert-sich-neu-fuer-ringier\/\" \/>\n<meta property=\"og:locale\" content=\"de_DE\" \/>\n<meta property=\"og:type\" content=\"article\" \/>\n<meta property=\"og:title\" content=\"Spitzenkoch Andreas Caminada engagiert sich neu f\u00fcr Ringier\" \/>\n<meta property=\"og:description\" content=\"Andreas Caminada wird kulinarischer Ambassador von Ringier und unterst\u00fctzt den neuen Food &amp; Lifestyle-Channel von GaultMillau Schweiz. Das Medienhaus Ringier und der Koch-Profi haben sich diesbez\u00fcglich f\u00fcr eine Zusammenarbeit gefunden.\" \/>\n<meta property=\"og:url\" content=\"https:\/\/www.ringier.com\/de\/spitzenkoch-andreas-caminada-engagiert-sich-neu-fuer-ringier\/\" \/>\n<meta property=\"og:site_name\" content=\"Ringier\" \/>\n<meta property=\"article:publisher\" content=\"https:\/\/www.facebook.com\/ringierag\/\" \/>\n<meta property=\"article:published_time\" content=\"2017-07-27T13:59:00+00:00\" \/>\n<meta property=\"article:modified_time\" content=\"2025-07-18T08:34:50+00:00\" \/>\n<meta property=\"og:image\" content=\"https:\/\/www.ringier.com\/wp-content\/uploads\/2021\/10\/Andreas_Caminada_1-1.jpg\" \/>\n\t<meta property=\"og:image:width\" content=\"2362\" \/>\n\t<meta property=\"og:image:height\" content=\"1575\" \/>\n\t<meta property=\"og:image:type\" content=\"image\/jpeg\" \/>\n<meta name=\"author\" content=\"Ringier Corporate Communications\" \/>\n<meta name=\"twitter:card\" content=\"summary_large_image\" \/>\n<meta name=\"twitter:creator\" content=\"@ringier_ag\" \/>\n<meta name=\"twitter:site\" content=\"@ringier_ag\" \/>\n<meta name=\"twitter:label1\" content=\"Verfasst von\" \/>\n\t<meta name=\"twitter:data1\" content=\"Ringier Corporate Communications\" \/>\n\t<meta name=\"twitter:label2\" content=\"Gesch\u00e4tzte Lesezeit\" \/>\n\t<meta name=\"twitter:data2\" content=\"2 Minuten\" \/>\n<script type=\"application\/ld+json\" class=\"yoast-schema-graph\">{\"@context\":\"https:\/\/schema.org\",\"@graph\":[{\"@type\":\"Article\",\"@id\":\"https:\/\/www.ringier.com\/de\/spitzenkoch-andreas-caminada-engagiert-sich-neu-fuer-ringier\/#article\",\"isPartOf\":{\"@id\":\"https:\/\/www.ringier.com\/de\/spitzenkoch-andreas-caminada-engagiert-sich-neu-fuer-ringier\/\"},\"author\":{\"name\":\"Ringier Corporate Communications\",\"@id\":\"https:\/\/www.ringier.com\/de\/#\/schema\/person\/4cf76a308dc4b2bb5121bd1e7b752e52\"},\"headline\":\"Spitzenkoch Andreas Caminada engagiert sich neu f\u00fcr Ringier\",\"datePublished\":\"2017-07-27T13:59:00+00:00\",\"dateModified\":\"2025-07-18T08:34:50+00:00\",\"mainEntityOfPage\":{\"@id\":\"https:\/\/www.ringier.com\/de\/spitzenkoch-andreas-caminada-engagiert-sich-neu-fuer-ringier\/\"},\"wordCount\":204,\"publisher\":{\"@id\":\"https:\/\/www.ringier.com\/de\/#organization\"},\"image\":{\"@id\":\"https:\/\/www.ringier.com\/de\/spitzenkoch-andreas-caminada-engagiert-sich-neu-fuer-ringier\/#primaryimage\"},\"thumbnailUrl\":\"https:\/\/www.ringier.com\/wp-content\/uploads\/2021\/10\/Andreas_Caminada_1-1.jpg\",\"articleSection\":[\"Media\",\"Ringier Medien Schweiz\"],\"inLanguage\":\"de-DE\"},{\"@type\":\"WebPage\",\"@id\":\"https:\/\/www.ringier.com\/de\/spitzenkoch-andreas-caminada-engagiert-sich-neu-fuer-ringier\/\",\"url\":\"https:\/\/www.ringier.com\/de\/spitzenkoch-andreas-caminada-engagiert-sich-neu-fuer-ringier\/\",\"name\":\"Spitzenkoch Andreas Caminada engagiert sich neu f\u00fcr Ringier - Ringier\",\"isPartOf\":{\"@id\":\"https:\/\/www.ringier.com\/de\/#website\"},\"primaryImageOfPage\":{\"@id\":\"https:\/\/www.ringier.com\/de\/spitzenkoch-andreas-caminada-engagiert-sich-neu-fuer-ringier\/#primaryimage\"},\"image\":{\"@id\":\"https:\/\/www.ringier.com\/de\/spitzenkoch-andreas-caminada-engagiert-sich-neu-fuer-ringier\/#primaryimage\"},\"thumbnailUrl\":\"https:\/\/www.ringier.com\/wp-content\/uploads\/2021\/10\/Andreas_Caminada_1-1.jpg\",\"datePublished\":\"2017-07-27T13:59:00+00:00\",\"dateModified\":\"2025-07-18T08:34:50+00:00\",\"breadcrumb\":{\"@id\":\"https:\/\/www.ringier.com\/de\/spitzenkoch-andreas-caminada-engagiert-sich-neu-fuer-ringier\/#breadcrumb\"},\"inLanguage\":\"de-DE\",\"potentialAction\":[{\"@type\":\"ReadAction\",\"target\":[\"https:\/\/www.ringier.com\/de\/spitzenkoch-andreas-caminada-engagiert-sich-neu-fuer-ringier\/\"]}]},{\"@type\":\"ImageObject\",\"inLanguage\":\"de-DE\",\"@id\":\"https:\/\/www.ringier.com\/de\/spitzenkoch-andreas-caminada-engagiert-sich-neu-fuer-ringier\/#primaryimage\",\"url\":\"https:\/\/www.ringier.com\/wp-content\/uploads\/2021\/10\/Andreas_Caminada_1-1.jpg\",\"contentUrl\":\"https:\/\/www.ringier.com\/wp-content\/uploads\/2021\/10\/Andreas_Caminada_1-1.jpg\",\"width\":2362,\"height\":1575},{\"@type\":\"BreadcrumbList\",\"@id\":\"https:\/\/www.ringier.com\/de\/spitzenkoch-andreas-caminada-engagiert-sich-neu-fuer-ringier\/#breadcrumb\",\"itemListElement\":[{\"@type\":\"ListItem\",\"position\":1,\"name\":\"Home\",\"item\":\"https:\/\/www.ringier.com\/de\/\"},{\"@type\":\"ListItem\",\"position\":2,\"name\":\"Spitzenkoch Andreas Caminada engagiert sich neu f\u00fcr Ringier\"}]},{\"@type\":\"WebSite\",\"@id\":\"https:\/\/www.ringier.com\/de\/#website\",\"url\":\"https:\/\/www.ringier.com\/de\/\",\"name\":\"Ringier\",\"description\":\"We inform. We entertain. We connect\",\"publisher\":{\"@id\":\"https:\/\/www.ringier.com\/de\/#organization\"},\"potentialAction\":[{\"@type\":\"SearchAction\",\"target\":{\"@type\":\"EntryPoint\",\"urlTemplate\":\"https:\/\/www.ringier.com\/de\/?s={search_term_string}\"},\"query-input\":{\"@type\":\"PropertyValueSpecification\",\"valueRequired\":true,\"valueName\":\"search_term_string\"}}],\"inLanguage\":\"de-DE\"},{\"@type\":\"Organization\",\"@id\":\"https:\/\/www.ringier.com\/de\/#organization\",\"name\":\"Ringier\",\"url\":\"https:\/\/www.ringier.com\/de\/\",\"logo\":{\"@type\":\"ImageObject\",\"inLanguage\":\"de-DE\",\"@id\":\"https:\/\/www.ringier.com\/de\/#\/schema\/logo\/image\/\",\"url\":\"https:\/\/www.ringier.com\/wp-content\/uploads\/2021\/10\/ringier_logo_2.jpg\",\"contentUrl\":\"https:\/\/www.ringier.com\/wp-content\/uploads\/2021\/10\/ringier_logo_2.jpg\",\"width\":750,\"height\":550,\"caption\":\"Ringier\"},\"image\":{\"@id\":\"https:\/\/www.ringier.com\/de\/#\/schema\/logo\/image\/\"},\"sameAs\":[\"https:\/\/www.facebook.com\/ringierag\/\",\"https:\/\/x.com\/ringier_ag\",\"https:\/\/www.instagram.com\/ringier_ag\/\",\"https:\/\/www.linkedin.com\/company\/ringier\/\",\"https:\/\/www.youtube.com\/user\/RingierComm\",\"https:\/\/en.wikipedia.org\/wiki\/Ringier\",\"https:\/\/de.wikipedia.org\/wiki\/Ringier\",\"https:\/\/fr.wikipedia.org\/wiki\/Ringier\",\"https:\/\/www.crunchbase.com\/organization\/ringier-ag\"]},{\"@type\":\"Person\",\"@id\":\"https:\/\/www.ringier.com\/de\/#\/schema\/person\/4cf76a308dc4b2bb5121bd1e7b752e52\",\"name\":\"Ringier Corporate Communications\",\"image\":{\"@type\":\"ImageObject\",\"inLanguage\":\"de-DE\",\"@id\":\"https:\/\/www.ringier.com\/de\/#\/schema\/person\/image\/\",\"url\":\"https:\/\/secure.gravatar.com\/avatar\/9391e20481368d5df4fe3e1e476c13b27786347489822ec1ed07e532bb41f587?s=96&d=mm&r=g\",\"contentUrl\":\"https:\/\/secure.gravatar.com\/avatar\/9391e20481368d5df4fe3e1e476c13b27786347489822ec1ed07e532bb41f587?s=96&d=mm&r=g\",\"caption\":\"Ringier Corporate Communications\"},\"sameAs\":[\"https:\/\/www.ringier.com\"]}]}<\/script>\n<!-- \/ Yoast SEO Premium plugin. -->","yoast_head_json":{"title":"Spitzenkoch Andreas Caminada engagiert sich neu f\u00fcr Ringier - Ringier","robots":{"index":"index","follow":"follow","max-snippet":"max-snippet:-1","max-image-preview":"max-image-preview:large","max-video-preview":"max-video-preview:-1"},"canonical":"https:\/\/www.ringier.com\/de\/spitzenkoch-andreas-caminada-engagiert-sich-neu-fuer-ringier\/","og_locale":"de_DE","og_type":"article","og_title":"Spitzenkoch Andreas Caminada engagiert sich neu f\u00fcr Ringier","og_description":"Andreas Caminada wird kulinarischer Ambassador von Ringier und unterst\u00fctzt den neuen Food & Lifestyle-Channel von GaultMillau Schweiz. Das Medienhaus Ringier und der Koch-Profi haben sich diesbez\u00fcglich f\u00fcr eine Zusammenarbeit gefunden.","og_url":"https:\/\/www.ringier.com\/de\/spitzenkoch-andreas-caminada-engagiert-sich-neu-fuer-ringier\/","og_site_name":"Ringier","article_publisher":"https:\/\/www.facebook.com\/ringierag\/","article_published_time":"2017-07-27T13:59:00+00:00","article_modified_time":"2025-07-18T08:34:50+00:00","og_image":[{"width":2362,"height":1575,"url":"https:\/\/www.ringier.com\/wp-content\/uploads\/2021\/10\/Andreas_Caminada_1-1.jpg","type":"image\/jpeg"}],"author":"Ringier Corporate Communications","twitter_card":"summary_large_image","twitter_creator":"@ringier_ag","twitter_site":"@ringier_ag","twitter_misc":{"Verfasst von":"Ringier Corporate Communications","Gesch\u00e4tzte Lesezeit":"2 Minuten"},"schema":{"@context":"https:\/\/schema.org","@graph":[{"@type":"Article","@id":"https:\/\/www.ringier.com\/de\/spitzenkoch-andreas-caminada-engagiert-sich-neu-fuer-ringier\/#article","isPartOf":{"@id":"https:\/\/www.ringier.com\/de\/spitzenkoch-andreas-caminada-engagiert-sich-neu-fuer-ringier\/"},"author":{"name":"Ringier Corporate Communications","@id":"https:\/\/www.ringier.com\/de\/#\/schema\/person\/4cf76a308dc4b2bb5121bd1e7b752e52"},"headline":"Spitzenkoch Andreas Caminada engagiert sich neu f\u00fcr Ringier","datePublished":"2017-07-27T13:59:00+00:00","dateModified":"2025-07-18T08:34:50+00:00","mainEntityOfPage":{"@id":"https:\/\/www.ringier.com\/de\/spitzenkoch-andreas-caminada-engagiert-sich-neu-fuer-ringier\/"},"wordCount":204,"publisher":{"@id":"https:\/\/www.ringier.com\/de\/#organization"},"image":{"@id":"https:\/\/www.ringier.com\/de\/spitzenkoch-andreas-caminada-engagiert-sich-neu-fuer-ringier\/#primaryimage"},"thumbnailUrl":"https:\/\/www.ringier.com\/wp-content\/uploads\/2021\/10\/Andreas_Caminada_1-1.jpg","articleSection":["Media","Ringier Medien Schweiz"],"inLanguage":"de-DE"},{"@type":"WebPage","@id":"https:\/\/www.ringier.com\/de\/spitzenkoch-andreas-caminada-engagiert-sich-neu-fuer-ringier\/","url":"https:\/\/www.ringier.com\/de\/spitzenkoch-andreas-caminada-engagiert-sich-neu-fuer-ringier\/","name":"Spitzenkoch Andreas Caminada engagiert sich neu f\u00fcr Ringier - Ringier","isPartOf":{"@id":"https:\/\/www.ringier.com\/de\/#website"},"primaryImageOfPage":{"@id":"https:\/\/www.ringier.com\/de\/spitzenkoch-andreas-caminada-engagiert-sich-neu-fuer-ringier\/#primaryimage"},"image":{"@id":"https:\/\/www.ringier.com\/de\/spitzenkoch-andreas-caminada-engagiert-sich-neu-fuer-ringier\/#primaryimage"},"thumbnailUrl":"https:\/\/www.ringier.com\/wp-content\/uploads\/2021\/10\/Andreas_Caminada_1-1.jpg","datePublished":"2017-07-27T13:59:00+00:00","dateModified":"2025-07-18T08:34:50+00:00","breadcrumb":{"@id":"https:\/\/www.ringier.com\/de\/spitzenkoch-andreas-caminada-engagiert-sich-neu-fuer-ringier\/#breadcrumb"},"inLanguage":"de-DE","potentialAction":[{"@type":"ReadAction","target":["https:\/\/www.ringier.com\/de\/spitzenkoch-andreas-caminada-engagiert-sich-neu-fuer-ringier\/"]}]},{"@type":"ImageObject","inLanguage":"de-DE","@id":"https:\/\/www.ringier.com\/de\/spitzenkoch-andreas-caminada-engagiert-sich-neu-fuer-ringier\/#primaryimage","url":"https:\/\/www.ringier.com\/wp-content\/uploads\/2021\/10\/Andreas_Caminada_1-1.jpg","contentUrl":"https:\/\/www.ringier.com\/wp-content\/uploads\/2021\/10\/Andreas_Caminada_1-1.jpg","width":2362,"height":1575},{"@type":"BreadcrumbList","@id":"https:\/\/www.ringier.com\/de\/spitzenkoch-andreas-caminada-engagiert-sich-neu-fuer-ringier\/#breadcrumb","itemListElement":[{"@type":"ListItem","position":1,"name":"Home","item":"https:\/\/www.ringier.com\/de\/"},{"@type":"ListItem","position":2,"name":"Spitzenkoch Andreas Caminada engagiert sich neu f\u00fcr Ringier"}]},{"@type":"WebSite","@id":"https:\/\/www.ringier.com\/de\/#website","url":"https:\/\/www.ringier.com\/de\/","name":"Ringier","description":"We inform. We entertain. We connect","publisher":{"@id":"https:\/\/www.ringier.com\/de\/#organization"},"potentialAction":[{"@type":"SearchAction","target":{"@type":"EntryPoint","urlTemplate":"https:\/\/www.ringier.com\/de\/?s={search_term_string}"},"query-input":{"@type":"PropertyValueSpecification","valueRequired":true,"valueName":"search_term_string"}}],"inLanguage":"de-DE"},{"@type":"Organization","@id":"https:\/\/www.ringier.com\/de\/#organization","name":"Ringier","url":"https:\/\/www.ringier.com\/de\/","logo":{"@type":"ImageObject","inLanguage":"de-DE","@id":"https:\/\/www.ringier.com\/de\/#\/schema\/logo\/image\/","url":"https:\/\/www.ringier.com\/wp-content\/uploads\/2021\/10\/ringier_logo_2.jpg","contentUrl":"https:\/\/www.ringier.com\/wp-content\/uploads\/2021\/10\/ringier_logo_2.jpg","width":750,"height":550,"caption":"Ringier"},"image":{"@id":"https:\/\/www.ringier.com\/de\/#\/schema\/logo\/image\/"},"sameAs":["https:\/\/www.facebook.com\/ringierag\/","https:\/\/x.com\/ringier_ag","https:\/\/www.instagram.com\/ringier_ag\/","https:\/\/www.linkedin.com\/company\/ringier\/","https:\/\/www.youtube.com\/user\/RingierComm","https:\/\/en.wikipedia.org\/wiki\/Ringier","https:\/\/de.wikipedia.org\/wiki\/Ringier","https:\/\/fr.wikipedia.org\/wiki\/Ringier","https:\/\/www.crunchbase.com\/organization\/ringier-ag"]},{"@type":"Person","@id":"https:\/\/www.ringier.com\/de\/#\/schema\/person\/4cf76a308dc4b2bb5121bd1e7b752e52","name":"Ringier Corporate Communications","image":{"@type":"ImageObject","inLanguage":"de-DE","@id":"https:\/\/www.ringier.com\/de\/#\/schema\/person\/image\/","url":"https:\/\/secure.gravatar.com\/avatar\/9391e20481368d5df4fe3e1e476c13b27786347489822ec1ed07e532bb41f587?s=96&d=mm&r=g","contentUrl":"https:\/\/secure.gravatar.com\/avatar\/9391e20481368d5df4fe3e1e476c13b27786347489822ec1ed07e532bb41f587?s=96&d=mm&r=g","caption":"Ringier Corporate Communications"},"sameAs":["https:\/\/www.ringier.com"]}]}},"_links":{"self":[{"href":"https:\/\/www.ringier.com\/de\/wp-json\/wp\/v2\/posts\/10770","targetHints":{"allow":["GET"]}}],"collection":[{"href":"https:\/\/www.ringier.com\/de\/wp-json\/wp\/v2\/posts"}],"about":[{"href":"https:\/\/www.ringier.com\/de\/wp-json\/wp\/v2\/types\/post"}],"author":[{"embeddable":true,"href":"https:\/\/www.ringier.com\/de\/wp-json\/wp\/v2\/users\/23"}],"replies":[{"embeddable":true,"href":"https:\/\/www.ringier.com\/de\/wp-json\/wp\/v2\/comments?post=10770"}],"version-history":[{"count":0,"href":"https:\/\/www.ringier.com\/de\/wp-json\/wp\/v2\/posts\/10770\/revisions"}],"wp:featuredmedia":[{"embeddable":true,"href":"https:\/\/www.ringier.com\/de\/wp-json\/wp\/v2\/media\/10780"}],"wp:attachment":[{"href":"https:\/\/www.ringier.com\/de\/wp-json\/wp\/v2\/media?parent=10770"}],"wp:term":[{"taxonomy":"category","embeddable":true,"href":"https:\/\/www.ringier.com\/de\/wp-json\/wp\/v2\/categories?post=10770"},{"taxonomy":"post_tag","embeddable":true,"href":"https:\/\/www.ringier.com\/de\/wp-json\/wp\/v2\/tags?post=10770"}],"curies":[{"name":"wp","href":"https:\/\/api.w.org\/{rel}","templated":true}]}}