{"id":10660,"date":"2017-09-27T14:52:00","date_gmt":"2017-09-27T12:52:00","guid":{"rendered":"https:\/\/www.ringier.com\/?p=10660"},"modified":"2024-01-29T11:30:41","modified_gmt":"2024-01-29T10:30:41","slug":"optisches-und-inhaltliches-facelift-fuer-lillustre","status":"publish","type":"post","link":"https:\/\/www.ringier.com\/de\/optisches-und-inhaltliches-facelift-fuer-lillustre\/","title":{"rendered":"Optisches und inhaltliches Facelift f\u00fcr L&#8217;illustr\u00e9"},"content":{"rendered":"\n<p>\u00abDas neue Format ist in der Aufmachung stilvoller und inhaltlich relevanter denn je. So wurde beispielsweise das Cover, die Visitenkarte der Zeitschrift, auf ein einzelnes Sujet reduziert\u00bb, sagt&nbsp;<em>L&#8217;illustr\u00e9<\/em>-Chefredaktor Michel Jeanneret. \u00abDennoch bleiben wir dem Kern von&nbsp;<em>L&#8217;illustr\u00e9<\/em>&nbsp;treu: Die Zeitschrift bleibt die Stimme der Suisse romande und wird die besten Geschichten aus der Region enth\u00fcllen und erz\u00e4hlen.\u00bb&nbsp;&nbsp;<\/p>\n\n\n\n<p>Auch in den sozialen Medien geht die Zeitschrift neue Wege und setzt verst\u00e4rkt auf Interaktion mit seinen Lesern und Abonnenten. So hat&nbsp;<em>L&#8217;illustr\u00e9<\/em>&nbsp;speziell f\u00fcr Familien ein Facebook-Forum lanciert. Die Idee: Leser helfen Lesern mit relevanten Tipps und Ratschl\u00e4gen. Die besten Empfehlungen werden im Heft pr\u00e4sentiert. &nbsp;<\/p>\n\n\n\n<p>Inhaltlich bietet die Zeitschrift noch mehr Rhythmus und Dichte durch neue Kurz- und Langstrecken-Formate. Die Texte sind zugunsten einer besseren Leserf\u00fchrung \u00fcbersichtlicher strukturiert. Im Fokus stehen neu drei Themenfelder: &nbsp;Aktuelle People-Themen in Form eines \u00abNachrichten-Ap\u00e9ros\u00bb, angereichert mit Kommentaren und KolumnenGesellschaftliche Themen in Form von ausf\u00fchrlichen Reportagen aus der Region, Exklusivinterviews mit Westschweizer Pers\u00f6nlichkeiten, Portraits mit neuen und unerwarteten Einblicken, spannende und aktuelle Dossiers, \u00fcberraschende UmfragenRatgeber-Inhalte in Form von Tipps und Empfehlungen, die in Kooperation mit der gr\u00f6ssten Schweizer Publikumszeitschrift&nbsp;<em>Beobachter<\/em>&nbsp;erstellt werden<\/p>\n\n\n\n<p>Die Zusammenarbeit mit den f\u00fchrenden Mode- und Lifestylemagazinen&nbsp;<em>Bolero<\/em>&nbsp;und&nbsp;<em>Style<\/em>&nbsp;aus dem Hause Ringier Axel Springer Schweiz garantiert noch mehr Insights in Sachen Mode und Beauty und komplettiert das neue Print-Angebot.<\/p>\n\n\n\n<p>Aktuell arbeitet das Redaktionsteam an der \u00dcberarbeitung des&nbsp;<em>L&#8217;illustr\u00e9<\/em>-Webauftritts. Der Relaunch der Website ist f\u00fcr 2018 geplant.<\/p>\n\n\n\n<p>Ringier Axel Springer Schweiz AG<\/p>\n\n\n\n<p>Corporate Communications<\/p>\n","protected":false},"excerpt":{"rendered":"<p>Neues Layout mit Fokus auf zur\u00fcckhaltende Eleganz und klare Leserf\u00fchrungVerst\u00e4rkte Interaktion mit Lesern und Abonnenten \u00fcber Social MediaKooperationen mit starken journalistischen Marken.<br \/>\nDas gr\u00f6sste Peoplemagazin der Westschweiz, L&#8217;illustr\u00e9, pr\u00e4sentiert sich nach einer General\u00fcberholung in modernisiertem Layout und mit neuen journalistischen Schwerpunkten. Inhaltlich \u00fcberzeugt L&#8217;illustr\u00e9 ab sofort mit noch mehr journalistischer Relevanz, auch dank neuer Kooperationen mit starken Marken wie Bolero, Style und Beobachter. Optisch liegt der Fokus auf zur\u00fcckhaltender Eleganz und klarer Leserf\u00fchrung.<\/p>\n","protected":false},"author":23,"featured_media":6232,"comment_status":"closed","ping_status":"open","sticky":false,"template":"","format":"standard","meta":{"inline_featured_image":false,"footnotes":""},"categories":[361,3],"tags":[],"class_list":["post-10660","post","type-post","status-publish","format-standard","has-post-thumbnail","hentry","category-ringier-medien-schweiz","category-unkategorisiert"],"yoast_head":"<!-- This site is optimized with the Yoast SEO Premium plugin v27.0 (Yoast SEO v27.0) - https:\/\/yoast.com\/product\/yoast-seo-premium-wordpress\/ -->\n<title>Optisches und inhaltliches Facelift f\u00fcr L&#039;illustr\u00e9 - Ringier<\/title>\n<meta name=\"robots\" content=\"index, follow, max-snippet:-1, max-image-preview:large, max-video-preview:-1\" \/>\n<link rel=\"canonical\" href=\"https:\/\/www.ringier.com\/de\/optisches-und-inhaltliches-facelift-fuer-lillustre\/\" \/>\n<meta property=\"og:locale\" content=\"de_DE\" \/>\n<meta property=\"og:type\" content=\"article\" \/>\n<meta property=\"og:title\" content=\"Optisches und inhaltliches Facelift f\u00fcr L&#039;illustr\u00e9\" \/>\n<meta property=\"og:description\" content=\"Neues Layout mit Fokus auf zur\u00fcckhaltende Eleganz und klare Leserf\u00fchrungVerst\u00e4rkte Interaktion mit Lesern und Abonnenten \u00fcber Social MediaKooperationen mit starken journalistischen Marken. Das gr\u00f6sste Peoplemagazin der Westschweiz, L&#039;illustr\u00e9, pr\u00e4sentiert sich nach einer General\u00fcberholung in modernisiertem Layout und mit neuen journalistischen Schwerpunkten. Inhaltlich \u00fcberzeugt L&#039;illustr\u00e9 ab sofort mit noch mehr journalistischer Relevanz, auch dank neuer Kooperationen mit starken Marken wie Bolero, Style und Beobachter. Optisch liegt der Fokus auf zur\u00fcckhaltender Eleganz und klarer Leserf\u00fchrung.\" \/>\n<meta property=\"og:url\" content=\"https:\/\/www.ringier.com\/de\/optisches-und-inhaltliches-facelift-fuer-lillustre\/\" \/>\n<meta property=\"og:site_name\" content=\"Ringier\" \/>\n<meta property=\"article:publisher\" content=\"https:\/\/www.facebook.com\/ringierag\/\" \/>\n<meta property=\"article:published_time\" content=\"2017-09-27T12:52:00+00:00\" \/>\n<meta property=\"article:modified_time\" content=\"2024-01-29T10:30:41+00:00\" \/>\n<meta property=\"og:image\" content=\"https:\/\/www.ringier.com\/wp-content\/uploads\/2021\/09\/Press-Release-Default.png\" \/>\n\t<meta property=\"og:image:width\" content=\"8001\" \/>\n\t<meta property=\"og:image:height\" content=\"4201\" \/>\n\t<meta property=\"og:image:type\" content=\"image\/png\" \/>\n<meta name=\"author\" content=\"Ringier Corporate Communications\" \/>\n<meta name=\"twitter:card\" content=\"summary_large_image\" \/>\n<meta name=\"twitter:creator\" content=\"@ringier_ag\" \/>\n<meta name=\"twitter:site\" content=\"@ringier_ag\" \/>\n<meta name=\"twitter:label1\" content=\"Verfasst von\" \/>\n\t<meta name=\"twitter:data1\" content=\"Ringier Corporate Communications\" \/>\n\t<meta name=\"twitter:label2\" content=\"Gesch\u00e4tzte Lesezeit\" \/>\n\t<meta name=\"twitter:data2\" content=\"2 Minuten\" \/>\n<script type=\"application\/ld+json\" class=\"yoast-schema-graph\">{\"@context\":\"https:\/\/schema.org\",\"@graph\":[{\"@type\":\"Article\",\"@id\":\"https:\/\/www.ringier.com\/de\/optisches-und-inhaltliches-facelift-fuer-lillustre\/#article\",\"isPartOf\":{\"@id\":\"https:\/\/www.ringier.com\/de\/optisches-und-inhaltliches-facelift-fuer-lillustre\/\"},\"author\":{\"name\":\"Ringier Corporate Communications\",\"@id\":\"https:\/\/www.ringier.com\/de\/#\/schema\/person\/4cf76a308dc4b2bb5121bd1e7b752e52\"},\"headline\":\"Optisches und inhaltliches Facelift f\u00fcr L&#8217;illustr\u00e9\",\"datePublished\":\"2017-09-27T12:52:00+00:00\",\"dateModified\":\"2024-01-29T10:30:41+00:00\",\"mainEntityOfPage\":{\"@id\":\"https:\/\/www.ringier.com\/de\/optisches-und-inhaltliches-facelift-fuer-lillustre\/\"},\"wordCount\":284,\"publisher\":{\"@id\":\"https:\/\/www.ringier.com\/de\/#organization\"},\"image\":{\"@id\":\"https:\/\/www.ringier.com\/de\/optisches-und-inhaltliches-facelift-fuer-lillustre\/#primaryimage\"},\"thumbnailUrl\":\"https:\/\/www.ringier.com\/wp-content\/uploads\/2021\/09\/Press-Release-Default.png\",\"articleSection\":[\"Ringier Medien Schweiz\",\"Unkategorisiert\"],\"inLanguage\":\"de-DE\"},{\"@type\":\"WebPage\",\"@id\":\"https:\/\/www.ringier.com\/de\/optisches-und-inhaltliches-facelift-fuer-lillustre\/\",\"url\":\"https:\/\/www.ringier.com\/de\/optisches-und-inhaltliches-facelift-fuer-lillustre\/\",\"name\":\"Optisches und inhaltliches Facelift f\u00fcr L'illustr\u00e9 - Ringier\",\"isPartOf\":{\"@id\":\"https:\/\/www.ringier.com\/de\/#website\"},\"primaryImageOfPage\":{\"@id\":\"https:\/\/www.ringier.com\/de\/optisches-und-inhaltliches-facelift-fuer-lillustre\/#primaryimage\"},\"image\":{\"@id\":\"https:\/\/www.ringier.com\/de\/optisches-und-inhaltliches-facelift-fuer-lillustre\/#primaryimage\"},\"thumbnailUrl\":\"https:\/\/www.ringier.com\/wp-content\/uploads\/2021\/09\/Press-Release-Default.png\",\"datePublished\":\"2017-09-27T12:52:00+00:00\",\"dateModified\":\"2024-01-29T10:30:41+00:00\",\"breadcrumb\":{\"@id\":\"https:\/\/www.ringier.com\/de\/optisches-und-inhaltliches-facelift-fuer-lillustre\/#breadcrumb\"},\"inLanguage\":\"de-DE\",\"potentialAction\":[{\"@type\":\"ReadAction\",\"target\":[\"https:\/\/www.ringier.com\/de\/optisches-und-inhaltliches-facelift-fuer-lillustre\/\"]}]},{\"@type\":\"ImageObject\",\"inLanguage\":\"de-DE\",\"@id\":\"https:\/\/www.ringier.com\/de\/optisches-und-inhaltliches-facelift-fuer-lillustre\/#primaryimage\",\"url\":\"https:\/\/www.ringier.com\/wp-content\/uploads\/2021\/09\/Press-Release-Default.png\",\"contentUrl\":\"https:\/\/www.ringier.com\/wp-content\/uploads\/2021\/09\/Press-Release-Default.png\",\"width\":8001,\"height\":4201},{\"@type\":\"BreadcrumbList\",\"@id\":\"https:\/\/www.ringier.com\/de\/optisches-und-inhaltliches-facelift-fuer-lillustre\/#breadcrumb\",\"itemListElement\":[{\"@type\":\"ListItem\",\"position\":1,\"name\":\"Home\",\"item\":\"https:\/\/www.ringier.com\/de\/\"},{\"@type\":\"ListItem\",\"position\":2,\"name\":\"Optisches und inhaltliches Facelift f\u00fcr L&#8217;illustr\u00e9\"}]},{\"@type\":\"WebSite\",\"@id\":\"https:\/\/www.ringier.com\/de\/#website\",\"url\":\"https:\/\/www.ringier.com\/de\/\",\"name\":\"Ringier\",\"description\":\"We inform. We entertain. We connect\",\"publisher\":{\"@id\":\"https:\/\/www.ringier.com\/de\/#organization\"},\"potentialAction\":[{\"@type\":\"SearchAction\",\"target\":{\"@type\":\"EntryPoint\",\"urlTemplate\":\"https:\/\/www.ringier.com\/de\/?s={search_term_string}\"},\"query-input\":{\"@type\":\"PropertyValueSpecification\",\"valueRequired\":true,\"valueName\":\"search_term_string\"}}],\"inLanguage\":\"de-DE\"},{\"@type\":\"Organization\",\"@id\":\"https:\/\/www.ringier.com\/de\/#organization\",\"name\":\"Ringier\",\"url\":\"https:\/\/www.ringier.com\/de\/\",\"logo\":{\"@type\":\"ImageObject\",\"inLanguage\":\"de-DE\",\"@id\":\"https:\/\/www.ringier.com\/de\/#\/schema\/logo\/image\/\",\"url\":\"https:\/\/www.ringier.com\/wp-content\/uploads\/2021\/10\/ringier_logo_2.jpg\",\"contentUrl\":\"https:\/\/www.ringier.com\/wp-content\/uploads\/2021\/10\/ringier_logo_2.jpg\",\"width\":750,\"height\":550,\"caption\":\"Ringier\"},\"image\":{\"@id\":\"https:\/\/www.ringier.com\/de\/#\/schema\/logo\/image\/\"},\"sameAs\":[\"https:\/\/www.facebook.com\/ringierag\/\",\"https:\/\/x.com\/ringier_ag\",\"https:\/\/www.instagram.com\/ringier_ag\/\",\"https:\/\/www.linkedin.com\/company\/ringier\/\",\"https:\/\/www.youtube.com\/user\/RingierComm\",\"https:\/\/en.wikipedia.org\/wiki\/Ringier\",\"https:\/\/de.wikipedia.org\/wiki\/Ringier\",\"https:\/\/fr.wikipedia.org\/wiki\/Ringier\",\"https:\/\/www.crunchbase.com\/organization\/ringier-ag\"]},{\"@type\":\"Person\",\"@id\":\"https:\/\/www.ringier.com\/de\/#\/schema\/person\/4cf76a308dc4b2bb5121bd1e7b752e52\",\"name\":\"Ringier Corporate Communications\",\"image\":{\"@type\":\"ImageObject\",\"inLanguage\":\"de-DE\",\"@id\":\"https:\/\/www.ringier.com\/de\/#\/schema\/person\/image\/\",\"url\":\"https:\/\/secure.gravatar.com\/avatar\/9391e20481368d5df4fe3e1e476c13b27786347489822ec1ed07e532bb41f587?s=96&d=mm&r=g\",\"contentUrl\":\"https:\/\/secure.gravatar.com\/avatar\/9391e20481368d5df4fe3e1e476c13b27786347489822ec1ed07e532bb41f587?s=96&d=mm&r=g\",\"caption\":\"Ringier Corporate Communications\"},\"sameAs\":[\"https:\/\/www.ringier.com\"]}]}<\/script>\n<!-- \/ Yoast SEO Premium plugin. -->","yoast_head_json":{"title":"Optisches und inhaltliches Facelift f\u00fcr L'illustr\u00e9 - Ringier","robots":{"index":"index","follow":"follow","max-snippet":"max-snippet:-1","max-image-preview":"max-image-preview:large","max-video-preview":"max-video-preview:-1"},"canonical":"https:\/\/www.ringier.com\/de\/optisches-und-inhaltliches-facelift-fuer-lillustre\/","og_locale":"de_DE","og_type":"article","og_title":"Optisches und inhaltliches Facelift f\u00fcr L'illustr\u00e9","og_description":"Neues Layout mit Fokus auf zur\u00fcckhaltende Eleganz und klare Leserf\u00fchrungVerst\u00e4rkte Interaktion mit Lesern und Abonnenten \u00fcber Social MediaKooperationen mit starken journalistischen Marken. Das gr\u00f6sste Peoplemagazin der Westschweiz, L'illustr\u00e9, pr\u00e4sentiert sich nach einer General\u00fcberholung in modernisiertem Layout und mit neuen journalistischen Schwerpunkten. Inhaltlich \u00fcberzeugt L'illustr\u00e9 ab sofort mit noch mehr journalistischer Relevanz, auch dank neuer Kooperationen mit starken Marken wie Bolero, Style und Beobachter. Optisch liegt der Fokus auf zur\u00fcckhaltender Eleganz und klarer Leserf\u00fchrung.","og_url":"https:\/\/www.ringier.com\/de\/optisches-und-inhaltliches-facelift-fuer-lillustre\/","og_site_name":"Ringier","article_publisher":"https:\/\/www.facebook.com\/ringierag\/","article_published_time":"2017-09-27T12:52:00+00:00","article_modified_time":"2024-01-29T10:30:41+00:00","og_image":[{"width":8001,"height":4201,"url":"https:\/\/www.ringier.com\/wp-content\/uploads\/2021\/09\/Press-Release-Default.png","type":"image\/png"}],"author":"Ringier Corporate Communications","twitter_card":"summary_large_image","twitter_creator":"@ringier_ag","twitter_site":"@ringier_ag","twitter_misc":{"Verfasst von":"Ringier Corporate Communications","Gesch\u00e4tzte Lesezeit":"2 Minuten"},"schema":{"@context":"https:\/\/schema.org","@graph":[{"@type":"Article","@id":"https:\/\/www.ringier.com\/de\/optisches-und-inhaltliches-facelift-fuer-lillustre\/#article","isPartOf":{"@id":"https:\/\/www.ringier.com\/de\/optisches-und-inhaltliches-facelift-fuer-lillustre\/"},"author":{"name":"Ringier Corporate Communications","@id":"https:\/\/www.ringier.com\/de\/#\/schema\/person\/4cf76a308dc4b2bb5121bd1e7b752e52"},"headline":"Optisches und inhaltliches Facelift f\u00fcr L&#8217;illustr\u00e9","datePublished":"2017-09-27T12:52:00+00:00","dateModified":"2024-01-29T10:30:41+00:00","mainEntityOfPage":{"@id":"https:\/\/www.ringier.com\/de\/optisches-und-inhaltliches-facelift-fuer-lillustre\/"},"wordCount":284,"publisher":{"@id":"https:\/\/www.ringier.com\/de\/#organization"},"image":{"@id":"https:\/\/www.ringier.com\/de\/optisches-und-inhaltliches-facelift-fuer-lillustre\/#primaryimage"},"thumbnailUrl":"https:\/\/www.ringier.com\/wp-content\/uploads\/2021\/09\/Press-Release-Default.png","articleSection":["Ringier Medien Schweiz","Unkategorisiert"],"inLanguage":"de-DE"},{"@type":"WebPage","@id":"https:\/\/www.ringier.com\/de\/optisches-und-inhaltliches-facelift-fuer-lillustre\/","url":"https:\/\/www.ringier.com\/de\/optisches-und-inhaltliches-facelift-fuer-lillustre\/","name":"Optisches und inhaltliches Facelift f\u00fcr L'illustr\u00e9 - Ringier","isPartOf":{"@id":"https:\/\/www.ringier.com\/de\/#website"},"primaryImageOfPage":{"@id":"https:\/\/www.ringier.com\/de\/optisches-und-inhaltliches-facelift-fuer-lillustre\/#primaryimage"},"image":{"@id":"https:\/\/www.ringier.com\/de\/optisches-und-inhaltliches-facelift-fuer-lillustre\/#primaryimage"},"thumbnailUrl":"https:\/\/www.ringier.com\/wp-content\/uploads\/2021\/09\/Press-Release-Default.png","datePublished":"2017-09-27T12:52:00+00:00","dateModified":"2024-01-29T10:30:41+00:00","breadcrumb":{"@id":"https:\/\/www.ringier.com\/de\/optisches-und-inhaltliches-facelift-fuer-lillustre\/#breadcrumb"},"inLanguage":"de-DE","potentialAction":[{"@type":"ReadAction","target":["https:\/\/www.ringier.com\/de\/optisches-und-inhaltliches-facelift-fuer-lillustre\/"]}]},{"@type":"ImageObject","inLanguage":"de-DE","@id":"https:\/\/www.ringier.com\/de\/optisches-und-inhaltliches-facelift-fuer-lillustre\/#primaryimage","url":"https:\/\/www.ringier.com\/wp-content\/uploads\/2021\/09\/Press-Release-Default.png","contentUrl":"https:\/\/www.ringier.com\/wp-content\/uploads\/2021\/09\/Press-Release-Default.png","width":8001,"height":4201},{"@type":"BreadcrumbList","@id":"https:\/\/www.ringier.com\/de\/optisches-und-inhaltliches-facelift-fuer-lillustre\/#breadcrumb","itemListElement":[{"@type":"ListItem","position":1,"name":"Home","item":"https:\/\/www.ringier.com\/de\/"},{"@type":"ListItem","position":2,"name":"Optisches und inhaltliches Facelift f\u00fcr L&#8217;illustr\u00e9"}]},{"@type":"WebSite","@id":"https:\/\/www.ringier.com\/de\/#website","url":"https:\/\/www.ringier.com\/de\/","name":"Ringier","description":"We inform. We entertain. We connect","publisher":{"@id":"https:\/\/www.ringier.com\/de\/#organization"},"potentialAction":[{"@type":"SearchAction","target":{"@type":"EntryPoint","urlTemplate":"https:\/\/www.ringier.com\/de\/?s={search_term_string}"},"query-input":{"@type":"PropertyValueSpecification","valueRequired":true,"valueName":"search_term_string"}}],"inLanguage":"de-DE"},{"@type":"Organization","@id":"https:\/\/www.ringier.com\/de\/#organization","name":"Ringier","url":"https:\/\/www.ringier.com\/de\/","logo":{"@type":"ImageObject","inLanguage":"de-DE","@id":"https:\/\/www.ringier.com\/de\/#\/schema\/logo\/image\/","url":"https:\/\/www.ringier.com\/wp-content\/uploads\/2021\/10\/ringier_logo_2.jpg","contentUrl":"https:\/\/www.ringier.com\/wp-content\/uploads\/2021\/10\/ringier_logo_2.jpg","width":750,"height":550,"caption":"Ringier"},"image":{"@id":"https:\/\/www.ringier.com\/de\/#\/schema\/logo\/image\/"},"sameAs":["https:\/\/www.facebook.com\/ringierag\/","https:\/\/x.com\/ringier_ag","https:\/\/www.instagram.com\/ringier_ag\/","https:\/\/www.linkedin.com\/company\/ringier\/","https:\/\/www.youtube.com\/user\/RingierComm","https:\/\/en.wikipedia.org\/wiki\/Ringier","https:\/\/de.wikipedia.org\/wiki\/Ringier","https:\/\/fr.wikipedia.org\/wiki\/Ringier","https:\/\/www.crunchbase.com\/organization\/ringier-ag"]},{"@type":"Person","@id":"https:\/\/www.ringier.com\/de\/#\/schema\/person\/4cf76a308dc4b2bb5121bd1e7b752e52","name":"Ringier Corporate Communications","image":{"@type":"ImageObject","inLanguage":"de-DE","@id":"https:\/\/www.ringier.com\/de\/#\/schema\/person\/image\/","url":"https:\/\/secure.gravatar.com\/avatar\/9391e20481368d5df4fe3e1e476c13b27786347489822ec1ed07e532bb41f587?s=96&d=mm&r=g","contentUrl":"https:\/\/secure.gravatar.com\/avatar\/9391e20481368d5df4fe3e1e476c13b27786347489822ec1ed07e532bb41f587?s=96&d=mm&r=g","caption":"Ringier Corporate Communications"},"sameAs":["https:\/\/www.ringier.com"]}]}},"_links":{"self":[{"href":"https:\/\/www.ringier.com\/de\/wp-json\/wp\/v2\/posts\/10660","targetHints":{"allow":["GET"]}}],"collection":[{"href":"https:\/\/www.ringier.com\/de\/wp-json\/wp\/v2\/posts"}],"about":[{"href":"https:\/\/www.ringier.com\/de\/wp-json\/wp\/v2\/types\/post"}],"author":[{"embeddable":true,"href":"https:\/\/www.ringier.com\/de\/wp-json\/wp\/v2\/users\/23"}],"replies":[{"embeddable":true,"href":"https:\/\/www.ringier.com\/de\/wp-json\/wp\/v2\/comments?post=10660"}],"version-history":[{"count":0,"href":"https:\/\/www.ringier.com\/de\/wp-json\/wp\/v2\/posts\/10660\/revisions"}],"wp:featuredmedia":[{"embeddable":true,"href":"https:\/\/www.ringier.com\/de\/wp-json\/wp\/v2\/media\/6232"}],"wp:attachment":[{"href":"https:\/\/www.ringier.com\/de\/wp-json\/wp\/v2\/media?parent=10660"}],"wp:term":[{"taxonomy":"category","embeddable":true,"href":"https:\/\/www.ringier.com\/de\/wp-json\/wp\/v2\/categories?post=10660"},{"taxonomy":"post_tag","embeddable":true,"href":"https:\/\/www.ringier.com\/de\/wp-json\/wp\/v2\/tags?post=10660"}],"curies":[{"name":"wp","href":"https:\/\/api.w.org\/{rel}","templated":true}]}}