{"id":10485,"date":"2021-09-14T16:29:00","date_gmt":"2021-09-14T14:29:00","guid":{"rendered":"https:\/\/www.ringier.com\/?p=10485"},"modified":"2024-11-14T13:52:45","modified_gmt":"2024-11-14T12:52:45","slug":"doppelspitze-fuer-blick-tv-programmleitung","status":"publish","type":"post","link":"https:\/\/www.ringier.com\/de\/doppelspitze-fuer-blick-tv-programmleitung\/","title":{"rendered":"Doppelspitze f\u00fcr Blick TV-Programmleitung"},"content":{"rendered":"\n<p>Mit der neu aufgestellten Programmleitung kommt die inhaltliche Verantwortung und Entwicklung nun dank Doppelspitze aus einem Guss. Die beiden Programmleiter werden die Geschichten bei Blick in Zukunft von der Idee, Planung und Recherche bis zur finalen Umsetzung begleiten. Und zudem die Weiterentwicklung der Mitarbeiter\/innen vorantreiben.&nbsp;<\/p>\n\n\n\n<p>Sandro Inguscio (35), Chefredaktor Blick.ch und Blick TV: \u00abIch freue mich sehr, mit Sandra Fr\u00f6hlich und Daniel Egli zwei hochkompetente, engagierte, kreative und leidenschaftliche Bewegtbild-Profis an meiner Seite und in unserem Leitungsteam zu wissen. Sie haben das Projekt Blick TV seit Beginn gepr\u00e4gt und mitgetragen \u2013 und werden es in Zukunft noch viel mehr tun.\u00bb&nbsp;&nbsp;&nbsp;<\/p>\n\n\n\n<p>Unter der F\u00fchrung von Digital-Chefredaktor Sandro Inguscio wurden die Bereiche Blick.ch und Blick TV zu einer gemeinsamen Unit zusammengef\u00fcgt und die weiteren Leitungsfunktionen mit bew\u00e4hrten Kr\u00e4ften besetzt.<\/p>\n\n\n\n<p>Ringier AG, Corporate Communications<\/p>\n","protected":false},"excerpt":{"rendered":"<p>Sandra Fr\u00f6hlich (38) und Daniel Egli (33) \u00fcbernehmen ab sofort gemeinsam die Programmleitung von Blick TV. Das Duo ist seit Sendestart in verschiedenen Leitungsfunktionen von Blick TV t\u00e4tig: Sandra Fr\u00f6hlich zuletzt als Verantwortliche der Tagesleiter\/innen und Reporter\/innen, Daniel Egli als Planungschef.<\/p>\n","protected":false},"author":23,"featured_media":10486,"comment_status":"closed","ping_status":"open","sticky":false,"template":"","format":"standard","meta":{"inline_featured_image":false,"footnotes":""},"categories":[371,361],"tags":[],"class_list":["post-10485","post","type-post","status-publish","format-standard","has-post-thumbnail","hentry","category-media-de","category-ringier-medien-schweiz"],"yoast_head":"<!-- This site is optimized with the Yoast SEO Premium plugin v27.0 (Yoast SEO v27.0) - https:\/\/yoast.com\/product\/yoast-seo-premium-wordpress\/ -->\n<title>Doppelspitze f\u00fcr Blick TV-Programmleitung - Ringier<\/title>\n<meta name=\"robots\" content=\"index, follow, max-snippet:-1, max-image-preview:large, max-video-preview:-1\" \/>\n<link rel=\"canonical\" href=\"https:\/\/www.ringier.com\/de\/doppelspitze-fuer-blick-tv-programmleitung\/\" \/>\n<meta property=\"og:locale\" content=\"de_DE\" \/>\n<meta property=\"og:type\" content=\"article\" \/>\n<meta property=\"og:title\" content=\"Doppelspitze f\u00fcr Blick TV-Programmleitung\" \/>\n<meta property=\"og:description\" content=\"Sandra Fr\u00f6hlich (38) und Daniel Egli (33) \u00fcbernehmen ab sofort gemeinsam die Programmleitung von Blick TV. Das Duo ist seit Sendestart in verschiedenen Leitungsfunktionen von Blick TV t\u00e4tig: Sandra Fr\u00f6hlich zuletzt als Verantwortliche der Tagesleiter\/innen und Reporter\/innen, Daniel Egli als Planungschef.\" \/>\n<meta property=\"og:url\" content=\"https:\/\/www.ringier.com\/de\/doppelspitze-fuer-blick-tv-programmleitung\/\" \/>\n<meta property=\"og:site_name\" content=\"Ringier\" \/>\n<meta property=\"article:publisher\" content=\"https:\/\/www.facebook.com\/ringierag\/\" \/>\n<meta property=\"article:published_time\" content=\"2021-09-14T14:29:00+00:00\" \/>\n<meta property=\"article:modified_time\" content=\"2024-11-14T12:52:45+00:00\" \/>\n<meta property=\"og:image\" content=\"https:\/\/www.ringier.com\/wp-content\/uploads\/2021\/10\/Blick-Froehlich-Egli-.jpg\" \/>\n\t<meta property=\"og:image:width\" content=\"1198\" \/>\n\t<meta property=\"og:image:height\" content=\"627\" \/>\n\t<meta property=\"og:image:type\" content=\"image\/jpeg\" \/>\n<meta name=\"author\" content=\"Ringier Corporate Communications\" \/>\n<meta name=\"twitter:card\" content=\"summary_large_image\" \/>\n<meta name=\"twitter:creator\" content=\"@ringier_ag\" \/>\n<meta name=\"twitter:site\" content=\"@ringier_ag\" \/>\n<meta name=\"twitter:label1\" content=\"Verfasst von\" \/>\n\t<meta name=\"twitter:data1\" content=\"Ringier Corporate Communications\" \/>\n\t<meta name=\"twitter:label2\" content=\"Gesch\u00e4tzte Lesezeit\" \/>\n\t<meta name=\"twitter:data2\" content=\"1 Minute\" \/>\n<script type=\"application\/ld+json\" class=\"yoast-schema-graph\">{\"@context\":\"https:\/\/schema.org\",\"@graph\":[{\"@type\":\"Article\",\"@id\":\"https:\/\/www.ringier.com\/de\/doppelspitze-fuer-blick-tv-programmleitung\/#article\",\"isPartOf\":{\"@id\":\"https:\/\/www.ringier.com\/de\/doppelspitze-fuer-blick-tv-programmleitung\/\"},\"author\":{\"name\":\"Ringier Corporate Communications\",\"@id\":\"https:\/\/www.ringier.com\/de\/#\/schema\/person\/4cf76a308dc4b2bb5121bd1e7b752e52\"},\"headline\":\"Doppelspitze f\u00fcr Blick TV-Programmleitung\",\"datePublished\":\"2021-09-14T14:29:00+00:00\",\"dateModified\":\"2024-11-14T12:52:45+00:00\",\"mainEntityOfPage\":{\"@id\":\"https:\/\/www.ringier.com\/de\/doppelspitze-fuer-blick-tv-programmleitung\/\"},\"wordCount\":147,\"publisher\":{\"@id\":\"https:\/\/www.ringier.com\/de\/#organization\"},\"image\":{\"@id\":\"https:\/\/www.ringier.com\/de\/doppelspitze-fuer-blick-tv-programmleitung\/#primaryimage\"},\"thumbnailUrl\":\"https:\/\/www.ringier.com\/wp-content\/uploads\/2021\/10\/Blick-Froehlich-Egli-.jpg\",\"articleSection\":[\"Media\",\"Ringier Medien Schweiz\"],\"inLanguage\":\"de-DE\"},{\"@type\":\"WebPage\",\"@id\":\"https:\/\/www.ringier.com\/de\/doppelspitze-fuer-blick-tv-programmleitung\/\",\"url\":\"https:\/\/www.ringier.com\/de\/doppelspitze-fuer-blick-tv-programmleitung\/\",\"name\":\"Doppelspitze f\u00fcr Blick TV-Programmleitung - Ringier\",\"isPartOf\":{\"@id\":\"https:\/\/www.ringier.com\/de\/#website\"},\"primaryImageOfPage\":{\"@id\":\"https:\/\/www.ringier.com\/de\/doppelspitze-fuer-blick-tv-programmleitung\/#primaryimage\"},\"image\":{\"@id\":\"https:\/\/www.ringier.com\/de\/doppelspitze-fuer-blick-tv-programmleitung\/#primaryimage\"},\"thumbnailUrl\":\"https:\/\/www.ringier.com\/wp-content\/uploads\/2021\/10\/Blick-Froehlich-Egli-.jpg\",\"datePublished\":\"2021-09-14T14:29:00+00:00\",\"dateModified\":\"2024-11-14T12:52:45+00:00\",\"breadcrumb\":{\"@id\":\"https:\/\/www.ringier.com\/de\/doppelspitze-fuer-blick-tv-programmleitung\/#breadcrumb\"},\"inLanguage\":\"de-DE\",\"potentialAction\":[{\"@type\":\"ReadAction\",\"target\":[\"https:\/\/www.ringier.com\/de\/doppelspitze-fuer-blick-tv-programmleitung\/\"]}]},{\"@type\":\"ImageObject\",\"inLanguage\":\"de-DE\",\"@id\":\"https:\/\/www.ringier.com\/de\/doppelspitze-fuer-blick-tv-programmleitung\/#primaryimage\",\"url\":\"https:\/\/www.ringier.com\/wp-content\/uploads\/2021\/10\/Blick-Froehlich-Egli-.jpg\",\"contentUrl\":\"https:\/\/www.ringier.com\/wp-content\/uploads\/2021\/10\/Blick-Froehlich-Egli-.jpg\",\"width\":1198,\"height\":627},{\"@type\":\"BreadcrumbList\",\"@id\":\"https:\/\/www.ringier.com\/de\/doppelspitze-fuer-blick-tv-programmleitung\/#breadcrumb\",\"itemListElement\":[{\"@type\":\"ListItem\",\"position\":1,\"name\":\"Home\",\"item\":\"https:\/\/www.ringier.com\/de\/\"},{\"@type\":\"ListItem\",\"position\":2,\"name\":\"Doppelspitze f\u00fcr Blick TV-Programmleitung\"}]},{\"@type\":\"WebSite\",\"@id\":\"https:\/\/www.ringier.com\/de\/#website\",\"url\":\"https:\/\/www.ringier.com\/de\/\",\"name\":\"Ringier\",\"description\":\"We inform. We entertain. We connect\",\"publisher\":{\"@id\":\"https:\/\/www.ringier.com\/de\/#organization\"},\"potentialAction\":[{\"@type\":\"SearchAction\",\"target\":{\"@type\":\"EntryPoint\",\"urlTemplate\":\"https:\/\/www.ringier.com\/de\/?s={search_term_string}\"},\"query-input\":{\"@type\":\"PropertyValueSpecification\",\"valueRequired\":true,\"valueName\":\"search_term_string\"}}],\"inLanguage\":\"de-DE\"},{\"@type\":\"Organization\",\"@id\":\"https:\/\/www.ringier.com\/de\/#organization\",\"name\":\"Ringier\",\"url\":\"https:\/\/www.ringier.com\/de\/\",\"logo\":{\"@type\":\"ImageObject\",\"inLanguage\":\"de-DE\",\"@id\":\"https:\/\/www.ringier.com\/de\/#\/schema\/logo\/image\/\",\"url\":\"https:\/\/www.ringier.com\/wp-content\/uploads\/2021\/10\/ringier_logo_2.jpg\",\"contentUrl\":\"https:\/\/www.ringier.com\/wp-content\/uploads\/2021\/10\/ringier_logo_2.jpg\",\"width\":750,\"height\":550,\"caption\":\"Ringier\"},\"image\":{\"@id\":\"https:\/\/www.ringier.com\/de\/#\/schema\/logo\/image\/\"},\"sameAs\":[\"https:\/\/www.facebook.com\/ringierag\/\",\"https:\/\/x.com\/ringier_ag\",\"https:\/\/www.instagram.com\/ringier_ag\/\",\"https:\/\/www.linkedin.com\/company\/ringier\/\",\"https:\/\/www.youtube.com\/user\/RingierComm\",\"https:\/\/en.wikipedia.org\/wiki\/Ringier\",\"https:\/\/de.wikipedia.org\/wiki\/Ringier\",\"https:\/\/fr.wikipedia.org\/wiki\/Ringier\",\"https:\/\/www.crunchbase.com\/organization\/ringier-ag\"]},{\"@type\":\"Person\",\"@id\":\"https:\/\/www.ringier.com\/de\/#\/schema\/person\/4cf76a308dc4b2bb5121bd1e7b752e52\",\"name\":\"Ringier Corporate Communications\",\"image\":{\"@type\":\"ImageObject\",\"inLanguage\":\"de-DE\",\"@id\":\"https:\/\/www.ringier.com\/de\/#\/schema\/person\/image\/\",\"url\":\"https:\/\/secure.gravatar.com\/avatar\/9391e20481368d5df4fe3e1e476c13b27786347489822ec1ed07e532bb41f587?s=96&d=mm&r=g\",\"contentUrl\":\"https:\/\/secure.gravatar.com\/avatar\/9391e20481368d5df4fe3e1e476c13b27786347489822ec1ed07e532bb41f587?s=96&d=mm&r=g\",\"caption\":\"Ringier Corporate Communications\"},\"sameAs\":[\"https:\/\/www.ringier.com\"]}]}<\/script>\n<!-- \/ Yoast SEO Premium plugin. -->","yoast_head_json":{"title":"Doppelspitze f\u00fcr Blick TV-Programmleitung - Ringier","robots":{"index":"index","follow":"follow","max-snippet":"max-snippet:-1","max-image-preview":"max-image-preview:large","max-video-preview":"max-video-preview:-1"},"canonical":"https:\/\/www.ringier.com\/de\/doppelspitze-fuer-blick-tv-programmleitung\/","og_locale":"de_DE","og_type":"article","og_title":"Doppelspitze f\u00fcr Blick TV-Programmleitung","og_description":"Sandra Fr\u00f6hlich (38) und Daniel Egli (33) \u00fcbernehmen ab sofort gemeinsam die Programmleitung von Blick TV. Das Duo ist seit Sendestart in verschiedenen Leitungsfunktionen von Blick TV t\u00e4tig: Sandra Fr\u00f6hlich zuletzt als Verantwortliche der Tagesleiter\/innen und Reporter\/innen, Daniel Egli als Planungschef.","og_url":"https:\/\/www.ringier.com\/de\/doppelspitze-fuer-blick-tv-programmleitung\/","og_site_name":"Ringier","article_publisher":"https:\/\/www.facebook.com\/ringierag\/","article_published_time":"2021-09-14T14:29:00+00:00","article_modified_time":"2024-11-14T12:52:45+00:00","og_image":[{"width":1198,"height":627,"url":"https:\/\/www.ringier.com\/wp-content\/uploads\/2021\/10\/Blick-Froehlich-Egli-.jpg","type":"image\/jpeg"}],"author":"Ringier Corporate Communications","twitter_card":"summary_large_image","twitter_creator":"@ringier_ag","twitter_site":"@ringier_ag","twitter_misc":{"Verfasst von":"Ringier Corporate Communications","Gesch\u00e4tzte Lesezeit":"1 Minute"},"schema":{"@context":"https:\/\/schema.org","@graph":[{"@type":"Article","@id":"https:\/\/www.ringier.com\/de\/doppelspitze-fuer-blick-tv-programmleitung\/#article","isPartOf":{"@id":"https:\/\/www.ringier.com\/de\/doppelspitze-fuer-blick-tv-programmleitung\/"},"author":{"name":"Ringier Corporate Communications","@id":"https:\/\/www.ringier.com\/de\/#\/schema\/person\/4cf76a308dc4b2bb5121bd1e7b752e52"},"headline":"Doppelspitze f\u00fcr Blick TV-Programmleitung","datePublished":"2021-09-14T14:29:00+00:00","dateModified":"2024-11-14T12:52:45+00:00","mainEntityOfPage":{"@id":"https:\/\/www.ringier.com\/de\/doppelspitze-fuer-blick-tv-programmleitung\/"},"wordCount":147,"publisher":{"@id":"https:\/\/www.ringier.com\/de\/#organization"},"image":{"@id":"https:\/\/www.ringier.com\/de\/doppelspitze-fuer-blick-tv-programmleitung\/#primaryimage"},"thumbnailUrl":"https:\/\/www.ringier.com\/wp-content\/uploads\/2021\/10\/Blick-Froehlich-Egli-.jpg","articleSection":["Media","Ringier Medien Schweiz"],"inLanguage":"de-DE"},{"@type":"WebPage","@id":"https:\/\/www.ringier.com\/de\/doppelspitze-fuer-blick-tv-programmleitung\/","url":"https:\/\/www.ringier.com\/de\/doppelspitze-fuer-blick-tv-programmleitung\/","name":"Doppelspitze f\u00fcr Blick TV-Programmleitung - Ringier","isPartOf":{"@id":"https:\/\/www.ringier.com\/de\/#website"},"primaryImageOfPage":{"@id":"https:\/\/www.ringier.com\/de\/doppelspitze-fuer-blick-tv-programmleitung\/#primaryimage"},"image":{"@id":"https:\/\/www.ringier.com\/de\/doppelspitze-fuer-blick-tv-programmleitung\/#primaryimage"},"thumbnailUrl":"https:\/\/www.ringier.com\/wp-content\/uploads\/2021\/10\/Blick-Froehlich-Egli-.jpg","datePublished":"2021-09-14T14:29:00+00:00","dateModified":"2024-11-14T12:52:45+00:00","breadcrumb":{"@id":"https:\/\/www.ringier.com\/de\/doppelspitze-fuer-blick-tv-programmleitung\/#breadcrumb"},"inLanguage":"de-DE","potentialAction":[{"@type":"ReadAction","target":["https:\/\/www.ringier.com\/de\/doppelspitze-fuer-blick-tv-programmleitung\/"]}]},{"@type":"ImageObject","inLanguage":"de-DE","@id":"https:\/\/www.ringier.com\/de\/doppelspitze-fuer-blick-tv-programmleitung\/#primaryimage","url":"https:\/\/www.ringier.com\/wp-content\/uploads\/2021\/10\/Blick-Froehlich-Egli-.jpg","contentUrl":"https:\/\/www.ringier.com\/wp-content\/uploads\/2021\/10\/Blick-Froehlich-Egli-.jpg","width":1198,"height":627},{"@type":"BreadcrumbList","@id":"https:\/\/www.ringier.com\/de\/doppelspitze-fuer-blick-tv-programmleitung\/#breadcrumb","itemListElement":[{"@type":"ListItem","position":1,"name":"Home","item":"https:\/\/www.ringier.com\/de\/"},{"@type":"ListItem","position":2,"name":"Doppelspitze f\u00fcr Blick TV-Programmleitung"}]},{"@type":"WebSite","@id":"https:\/\/www.ringier.com\/de\/#website","url":"https:\/\/www.ringier.com\/de\/","name":"Ringier","description":"We inform. We entertain. We connect","publisher":{"@id":"https:\/\/www.ringier.com\/de\/#organization"},"potentialAction":[{"@type":"SearchAction","target":{"@type":"EntryPoint","urlTemplate":"https:\/\/www.ringier.com\/de\/?s={search_term_string}"},"query-input":{"@type":"PropertyValueSpecification","valueRequired":true,"valueName":"search_term_string"}}],"inLanguage":"de-DE"},{"@type":"Organization","@id":"https:\/\/www.ringier.com\/de\/#organization","name":"Ringier","url":"https:\/\/www.ringier.com\/de\/","logo":{"@type":"ImageObject","inLanguage":"de-DE","@id":"https:\/\/www.ringier.com\/de\/#\/schema\/logo\/image\/","url":"https:\/\/www.ringier.com\/wp-content\/uploads\/2021\/10\/ringier_logo_2.jpg","contentUrl":"https:\/\/www.ringier.com\/wp-content\/uploads\/2021\/10\/ringier_logo_2.jpg","width":750,"height":550,"caption":"Ringier"},"image":{"@id":"https:\/\/www.ringier.com\/de\/#\/schema\/logo\/image\/"},"sameAs":["https:\/\/www.facebook.com\/ringierag\/","https:\/\/x.com\/ringier_ag","https:\/\/www.instagram.com\/ringier_ag\/","https:\/\/www.linkedin.com\/company\/ringier\/","https:\/\/www.youtube.com\/user\/RingierComm","https:\/\/en.wikipedia.org\/wiki\/Ringier","https:\/\/de.wikipedia.org\/wiki\/Ringier","https:\/\/fr.wikipedia.org\/wiki\/Ringier","https:\/\/www.crunchbase.com\/organization\/ringier-ag"]},{"@type":"Person","@id":"https:\/\/www.ringier.com\/de\/#\/schema\/person\/4cf76a308dc4b2bb5121bd1e7b752e52","name":"Ringier Corporate Communications","image":{"@type":"ImageObject","inLanguage":"de-DE","@id":"https:\/\/www.ringier.com\/de\/#\/schema\/person\/image\/","url":"https:\/\/secure.gravatar.com\/avatar\/9391e20481368d5df4fe3e1e476c13b27786347489822ec1ed07e532bb41f587?s=96&d=mm&r=g","contentUrl":"https:\/\/secure.gravatar.com\/avatar\/9391e20481368d5df4fe3e1e476c13b27786347489822ec1ed07e532bb41f587?s=96&d=mm&r=g","caption":"Ringier Corporate Communications"},"sameAs":["https:\/\/www.ringier.com"]}]}},"_links":{"self":[{"href":"https:\/\/www.ringier.com\/de\/wp-json\/wp\/v2\/posts\/10485","targetHints":{"allow":["GET"]}}],"collection":[{"href":"https:\/\/www.ringier.com\/de\/wp-json\/wp\/v2\/posts"}],"about":[{"href":"https:\/\/www.ringier.com\/de\/wp-json\/wp\/v2\/types\/post"}],"author":[{"embeddable":true,"href":"https:\/\/www.ringier.com\/de\/wp-json\/wp\/v2\/users\/23"}],"replies":[{"embeddable":true,"href":"https:\/\/www.ringier.com\/de\/wp-json\/wp\/v2\/comments?post=10485"}],"version-history":[{"count":0,"href":"https:\/\/www.ringier.com\/de\/wp-json\/wp\/v2\/posts\/10485\/revisions"}],"wp:featuredmedia":[{"embeddable":true,"href":"https:\/\/www.ringier.com\/de\/wp-json\/wp\/v2\/media\/10486"}],"wp:attachment":[{"href":"https:\/\/www.ringier.com\/de\/wp-json\/wp\/v2\/media?parent=10485"}],"wp:term":[{"taxonomy":"category","embeddable":true,"href":"https:\/\/www.ringier.com\/de\/wp-json\/wp\/v2\/categories?post=10485"},{"taxonomy":"post_tag","embeddable":true,"href":"https:\/\/www.ringier.com\/de\/wp-json\/wp\/v2\/tags?post=10485"}],"curies":[{"name":"wp","href":"https:\/\/api.w.org\/{rel}","templated":true}]}}