{"id":10261,"date":"2020-09-17T11:03:00","date_gmt":"2020-09-17T09:03:00","guid":{"rendered":"https:\/\/www.ringier.com\/ladina-heimgartner-to-become-head-of-global-media-at-ringier-ag\/"},"modified":"2025-06-17T14:35:03","modified_gmt":"2025-06-17T12:35:03","slug":"ladina-heimgartner-wird-head-global-media-der-ringier-ag","status":"publish","type":"post","link":"https:\/\/www.ringier.com\/de\/ladina-heimgartner-wird-head-global-media-der-ringier-ag\/","title":{"rendered":"Ladina Heimgartner wird Head Global Media von Ringier"},"content":{"rendered":"\n<p>Ladina Heimgartner (40) wird per 1. Oktober 2020 auf Group Executive Board Ebene Head Global Media der Ringier AG und zugleich CEO der Blick-Gruppe. Zum Bereich Global Media z\u00e4hlen heute rund 120 Medienmarken in 12 L\u00e4ndern. Ladina Heimgartner \u00fcbernimmt den Bereich von Thomas Spiegel (37), der sich aufgrund unterschiedlicher Auffassungen \u00fcber die strategische Ausrichtung entschieden hat, das Unternehmen zu verlassen.<\/p>\n\n\n\n<p>Das Corporate Center, welches Corporate Communications, Legal, HR und Data Protection umfasst, und bis anhin von Ladina Heimgartner geleitet wurde, wird ab sofort direkt von CEO Marc Walder (55) gef\u00fchrt.&nbsp;<\/p>\n\n\n\n<p>\u00abIch bedaure den Abgang von Thomas Spiegel als Head Global Media sowie CEO der Blick-Gruppe sehr. Ich danke ihm f\u00fcr sein Engagement und w\u00fcnsche Thomas Spiegel nur das Beste f\u00fcr seine n\u00e4chste berufliche Etappe\u00bb, so Walder. Thomas Spiegel: \u00abManchmal l\u00e4uft es nicht so wie es sich alle Beteiligten vorgestellt haben. Ich bin Ringier und Marc Walder sehr dankbar daf\u00fcr, dass sie meinen Trennungswunsch respektieren, ich bleibe dem Unternehmen sehr verbunden.\u00bb<\/p>\n\n\n\n<p><strong>Optimal aufgestellt in Zeiten der Transformation&nbsp;<\/strong><\/p>\n\n\n\n<p>\u00abMit Ladina Heimgartner \u00fcbernimmt eine Managerin den so wichtigen journalistischen Bereich der Ringier Gruppe, die in den vergangenen Jahren bewiesen hat, dass sie die Transformation der Medienindustrie hervorragend versteht. Ladina Heimgartner wird auf Gruppenebene eine internationale Media Unit aufbauen, die die Weiterentwicklung unserer Medienmarken in der Schweiz, in Osteuropa, Asien und Afrika treiben und koordinieren wird\u00bb, sagt Marc Walder \u00fcber die Neubesetzung des Bereichs Global Media und der Leitung der Blick-Gruppe.<\/p>\n\n\n\n<p>\u00abIch verlasse das Corporate Center mit einem weinenden Auge, freue mich aber gleichzeitig auf den Aufbau der Global Media Unit und auf die Zusammenarbeit mit den Kolleginnen und Kollegen der Blick-Gruppe. Selten war die Situation der Medien so herausfordernd wie heute. Umso gr\u00f6sser meine Motivation, mich weiterhin mit aller Kraft f\u00fcr die Medien zu engagieren\u00bb, h\u00e4lt Ladina Heimgartner zu ihrem anstehenden Wechsel fest.&nbsp;<\/p>\n\n\n\n<p>Thomas Spiegel wird noch bis Anfang 2021 f\u00fcr Ringier t\u00e4tig sein, um die \u00dcbergabe sicherzustellen und wichtige Projekte zum Abschluss zu bringen.<\/p>\n\n\n\n<p>Das Group Executive Board von Ringier setzt sich k\u00fcnftig zusammen aus: Marc Walder (CEO), Annabella Bassler (CFO), Ladina Heimgartner (Head Global Media, CEO Blick-Gruppe), Robin Lingg (Head Global Marketplaces) sowie Alexander Theobald (COO Schweiz und CEO RASCH).<\/p>\n\n\n\n<p><\/p>\n","protected":false},"excerpt":{"rendered":"<p>Thomas Spiegel, Head Global Media und Group Executive Board Mitglied der Ringier AG hat sich entschieden, das Unternehmen zu verlassen. Ladina Heimgartner \u00fcbernimmt auf Group Executive Ebene die Verantwortung f\u00fcr Global Media. Gleichzeitig wird sie CEO der Blick-Gruppe.<\/p>\n","protected":false},"author":23,"featured_media":11417,"comment_status":"closed","ping_status":"open","sticky":false,"template":"","format":"standard","meta":{"inline_featured_image":false,"footnotes":""},"categories":[44,371],"tags":[],"class_list":["post-10261","post","type-post","status-publish","format-standard","has-post-thumbnail","hentry","category-corporate-de","category-media-de"],"yoast_head":"<!-- This site is optimized with the Yoast SEO Premium plugin v27.0 (Yoast SEO v27.0) - https:\/\/yoast.com\/product\/yoast-seo-premium-wordpress\/ -->\n<title>Ladina Heimgartner wird Head Global Media von Ringier - Ringier<\/title>\n<meta name=\"robots\" content=\"index, follow, max-snippet:-1, max-image-preview:large, max-video-preview:-1\" \/>\n<link rel=\"canonical\" href=\"https:\/\/www.ringier.com\/de\/ladina-heimgartner-wird-head-global-media-der-ringier-ag\/\" \/>\n<meta property=\"og:locale\" content=\"de_DE\" \/>\n<meta property=\"og:type\" content=\"article\" \/>\n<meta property=\"og:title\" content=\"Ladina Heimgartner wird Head Global Media von Ringier\" \/>\n<meta property=\"og:description\" content=\"Thomas Spiegel, Head Global Media und Group Executive Board Mitglied der Ringier AG hat sich entschieden, das Unternehmen zu verlassen. Ladina Heimgartner \u00fcbernimmt auf Group Executive Ebene die Verantwortung f\u00fcr Global Media. Gleichzeitig wird sie CEO der Blick-Gruppe.\" \/>\n<meta property=\"og:url\" content=\"https:\/\/www.ringier.com\/de\/ladina-heimgartner-wird-head-global-media-der-ringier-ag\/\" \/>\n<meta property=\"og:site_name\" content=\"Ringier\" \/>\n<meta property=\"article:publisher\" content=\"https:\/\/www.facebook.com\/ringierag\/\" \/>\n<meta property=\"article:published_time\" content=\"2020-09-17T09:03:00+00:00\" \/>\n<meta property=\"article:modified_time\" content=\"2025-06-17T12:35:03+00:00\" \/>\n<meta property=\"og:image\" content=\"https:\/\/www.ringier.com\/wp-content\/uploads\/2020\/09\/Ladina-Heimgartner-und-Thomas-Spiegel-scaled.jpg\" \/>\n\t<meta property=\"og:image:width\" content=\"2560\" \/>\n\t<meta property=\"og:image:height\" content=\"1340\" \/>\n\t<meta property=\"og:image:type\" content=\"image\/jpeg\" \/>\n<meta name=\"author\" content=\"Ringier Corporate Communications\" \/>\n<meta name=\"twitter:card\" content=\"summary_large_image\" \/>\n<meta name=\"twitter:creator\" content=\"@ringier_ag\" \/>\n<meta name=\"twitter:site\" content=\"@ringier_ag\" \/>\n<meta name=\"twitter:label1\" content=\"Verfasst von\" \/>\n\t<meta name=\"twitter:data1\" content=\"Ringier Corporate Communications\" \/>\n\t<meta name=\"twitter:label2\" content=\"Gesch\u00e4tzte Lesezeit\" \/>\n\t<meta name=\"twitter:data2\" content=\"3 Minuten\" \/>\n<script type=\"application\/ld+json\" class=\"yoast-schema-graph\">{\"@context\":\"https:\/\/schema.org\",\"@graph\":[{\"@type\":\"Article\",\"@id\":\"https:\/\/www.ringier.com\/de\/ladina-heimgartner-wird-head-global-media-der-ringier-ag\/#article\",\"isPartOf\":{\"@id\":\"https:\/\/www.ringier.com\/de\/ladina-heimgartner-wird-head-global-media-der-ringier-ag\/\"},\"author\":{\"name\":\"Ringier Corporate Communications\",\"@id\":\"https:\/\/www.ringier.com\/de\/#\/schema\/person\/4cf76a308dc4b2bb5121bd1e7b752e52\"},\"headline\":\"Ladina Heimgartner wird Head Global Media von Ringier\",\"datePublished\":\"2020-09-17T09:03:00+00:00\",\"dateModified\":\"2025-06-17T12:35:03+00:00\",\"mainEntityOfPage\":{\"@id\":\"https:\/\/www.ringier.com\/de\/ladina-heimgartner-wird-head-global-media-der-ringier-ag\/\"},\"wordCount\":377,\"publisher\":{\"@id\":\"https:\/\/www.ringier.com\/de\/#organization\"},\"image\":{\"@id\":\"https:\/\/www.ringier.com\/de\/ladina-heimgartner-wird-head-global-media-der-ringier-ag\/#primaryimage\"},\"thumbnailUrl\":\"https:\/\/www.ringier.com\/wp-content\/uploads\/2020\/09\/Ladina-Heimgartner-und-Thomas-Spiegel-scaled.jpg\",\"articleSection\":[\"Corporate\",\"Media\"],\"inLanguage\":\"de-DE\"},{\"@type\":\"WebPage\",\"@id\":\"https:\/\/www.ringier.com\/de\/ladina-heimgartner-wird-head-global-media-der-ringier-ag\/\",\"url\":\"https:\/\/www.ringier.com\/de\/ladina-heimgartner-wird-head-global-media-der-ringier-ag\/\",\"name\":\"Ladina Heimgartner wird Head Global Media von Ringier - Ringier\",\"isPartOf\":{\"@id\":\"https:\/\/www.ringier.com\/de\/#website\"},\"primaryImageOfPage\":{\"@id\":\"https:\/\/www.ringier.com\/de\/ladina-heimgartner-wird-head-global-media-der-ringier-ag\/#primaryimage\"},\"image\":{\"@id\":\"https:\/\/www.ringier.com\/de\/ladina-heimgartner-wird-head-global-media-der-ringier-ag\/#primaryimage\"},\"thumbnailUrl\":\"https:\/\/www.ringier.com\/wp-content\/uploads\/2020\/09\/Ladina-Heimgartner-und-Thomas-Spiegel-scaled.jpg\",\"datePublished\":\"2020-09-17T09:03:00+00:00\",\"dateModified\":\"2025-06-17T12:35:03+00:00\",\"breadcrumb\":{\"@id\":\"https:\/\/www.ringier.com\/de\/ladina-heimgartner-wird-head-global-media-der-ringier-ag\/#breadcrumb\"},\"inLanguage\":\"de-DE\",\"potentialAction\":[{\"@type\":\"ReadAction\",\"target\":[\"https:\/\/www.ringier.com\/de\/ladina-heimgartner-wird-head-global-media-der-ringier-ag\/\"]}]},{\"@type\":\"ImageObject\",\"inLanguage\":\"de-DE\",\"@id\":\"https:\/\/www.ringier.com\/de\/ladina-heimgartner-wird-head-global-media-der-ringier-ag\/#primaryimage\",\"url\":\"https:\/\/www.ringier.com\/wp-content\/uploads\/2020\/09\/Ladina-Heimgartner-und-Thomas-Spiegel-scaled.jpg\",\"contentUrl\":\"https:\/\/www.ringier.com\/wp-content\/uploads\/2020\/09\/Ladina-Heimgartner-und-Thomas-Spiegel-scaled.jpg\",\"width\":2560,\"height\":1340},{\"@type\":\"BreadcrumbList\",\"@id\":\"https:\/\/www.ringier.com\/de\/ladina-heimgartner-wird-head-global-media-der-ringier-ag\/#breadcrumb\",\"itemListElement\":[{\"@type\":\"ListItem\",\"position\":1,\"name\":\"Home\",\"item\":\"https:\/\/www.ringier.com\/de\/\"},{\"@type\":\"ListItem\",\"position\":2,\"name\":\"Ladina Heimgartner wird Head Global Media von Ringier\"}]},{\"@type\":\"WebSite\",\"@id\":\"https:\/\/www.ringier.com\/de\/#website\",\"url\":\"https:\/\/www.ringier.com\/de\/\",\"name\":\"Ringier\",\"description\":\"We inform. We entertain. We connect\",\"publisher\":{\"@id\":\"https:\/\/www.ringier.com\/de\/#organization\"},\"potentialAction\":[{\"@type\":\"SearchAction\",\"target\":{\"@type\":\"EntryPoint\",\"urlTemplate\":\"https:\/\/www.ringier.com\/de\/?s={search_term_string}\"},\"query-input\":{\"@type\":\"PropertyValueSpecification\",\"valueRequired\":true,\"valueName\":\"search_term_string\"}}],\"inLanguage\":\"de-DE\"},{\"@type\":\"Organization\",\"@id\":\"https:\/\/www.ringier.com\/de\/#organization\",\"name\":\"Ringier\",\"url\":\"https:\/\/www.ringier.com\/de\/\",\"logo\":{\"@type\":\"ImageObject\",\"inLanguage\":\"de-DE\",\"@id\":\"https:\/\/www.ringier.com\/de\/#\/schema\/logo\/image\/\",\"url\":\"https:\/\/www.ringier.com\/wp-content\/uploads\/2021\/10\/ringier_logo_2.jpg\",\"contentUrl\":\"https:\/\/www.ringier.com\/wp-content\/uploads\/2021\/10\/ringier_logo_2.jpg\",\"width\":750,\"height\":550,\"caption\":\"Ringier\"},\"image\":{\"@id\":\"https:\/\/www.ringier.com\/de\/#\/schema\/logo\/image\/\"},\"sameAs\":[\"https:\/\/www.facebook.com\/ringierag\/\",\"https:\/\/x.com\/ringier_ag\",\"https:\/\/www.instagram.com\/ringier_ag\/\",\"https:\/\/www.linkedin.com\/company\/ringier\/\",\"https:\/\/www.youtube.com\/user\/RingierComm\",\"https:\/\/en.wikipedia.org\/wiki\/Ringier\",\"https:\/\/de.wikipedia.org\/wiki\/Ringier\",\"https:\/\/fr.wikipedia.org\/wiki\/Ringier\",\"https:\/\/www.crunchbase.com\/organization\/ringier-ag\"]},{\"@type\":\"Person\",\"@id\":\"https:\/\/www.ringier.com\/de\/#\/schema\/person\/4cf76a308dc4b2bb5121bd1e7b752e52\",\"name\":\"Ringier Corporate Communications\",\"image\":{\"@type\":\"ImageObject\",\"inLanguage\":\"de-DE\",\"@id\":\"https:\/\/www.ringier.com\/de\/#\/schema\/person\/image\/\",\"url\":\"https:\/\/secure.gravatar.com\/avatar\/9391e20481368d5df4fe3e1e476c13b27786347489822ec1ed07e532bb41f587?s=96&d=mm&r=g\",\"contentUrl\":\"https:\/\/secure.gravatar.com\/avatar\/9391e20481368d5df4fe3e1e476c13b27786347489822ec1ed07e532bb41f587?s=96&d=mm&r=g\",\"caption\":\"Ringier Corporate Communications\"},\"sameAs\":[\"https:\/\/www.ringier.com\"]}]}<\/script>\n<!-- \/ Yoast SEO Premium plugin. -->","yoast_head_json":{"title":"Ladina Heimgartner wird Head Global Media von Ringier - Ringier","robots":{"index":"index","follow":"follow","max-snippet":"max-snippet:-1","max-image-preview":"max-image-preview:large","max-video-preview":"max-video-preview:-1"},"canonical":"https:\/\/www.ringier.com\/de\/ladina-heimgartner-wird-head-global-media-der-ringier-ag\/","og_locale":"de_DE","og_type":"article","og_title":"Ladina Heimgartner wird Head Global Media von Ringier","og_description":"Thomas Spiegel, Head Global Media und Group Executive Board Mitglied der Ringier AG hat sich entschieden, das Unternehmen zu verlassen. Ladina Heimgartner \u00fcbernimmt auf Group Executive Ebene die Verantwortung f\u00fcr Global Media. Gleichzeitig wird sie CEO der Blick-Gruppe.","og_url":"https:\/\/www.ringier.com\/de\/ladina-heimgartner-wird-head-global-media-der-ringier-ag\/","og_site_name":"Ringier","article_publisher":"https:\/\/www.facebook.com\/ringierag\/","article_published_time":"2020-09-17T09:03:00+00:00","article_modified_time":"2025-06-17T12:35:03+00:00","og_image":[{"width":2560,"height":1340,"url":"https:\/\/www.ringier.com\/wp-content\/uploads\/2020\/09\/Ladina-Heimgartner-und-Thomas-Spiegel-scaled.jpg","type":"image\/jpeg"}],"author":"Ringier Corporate Communications","twitter_card":"summary_large_image","twitter_creator":"@ringier_ag","twitter_site":"@ringier_ag","twitter_misc":{"Verfasst von":"Ringier Corporate Communications","Gesch\u00e4tzte Lesezeit":"3 Minuten"},"schema":{"@context":"https:\/\/schema.org","@graph":[{"@type":"Article","@id":"https:\/\/www.ringier.com\/de\/ladina-heimgartner-wird-head-global-media-der-ringier-ag\/#article","isPartOf":{"@id":"https:\/\/www.ringier.com\/de\/ladina-heimgartner-wird-head-global-media-der-ringier-ag\/"},"author":{"name":"Ringier Corporate Communications","@id":"https:\/\/www.ringier.com\/de\/#\/schema\/person\/4cf76a308dc4b2bb5121bd1e7b752e52"},"headline":"Ladina Heimgartner wird Head Global Media von Ringier","datePublished":"2020-09-17T09:03:00+00:00","dateModified":"2025-06-17T12:35:03+00:00","mainEntityOfPage":{"@id":"https:\/\/www.ringier.com\/de\/ladina-heimgartner-wird-head-global-media-der-ringier-ag\/"},"wordCount":377,"publisher":{"@id":"https:\/\/www.ringier.com\/de\/#organization"},"image":{"@id":"https:\/\/www.ringier.com\/de\/ladina-heimgartner-wird-head-global-media-der-ringier-ag\/#primaryimage"},"thumbnailUrl":"https:\/\/www.ringier.com\/wp-content\/uploads\/2020\/09\/Ladina-Heimgartner-und-Thomas-Spiegel-scaled.jpg","articleSection":["Corporate","Media"],"inLanguage":"de-DE"},{"@type":"WebPage","@id":"https:\/\/www.ringier.com\/de\/ladina-heimgartner-wird-head-global-media-der-ringier-ag\/","url":"https:\/\/www.ringier.com\/de\/ladina-heimgartner-wird-head-global-media-der-ringier-ag\/","name":"Ladina Heimgartner wird Head Global Media von Ringier - Ringier","isPartOf":{"@id":"https:\/\/www.ringier.com\/de\/#website"},"primaryImageOfPage":{"@id":"https:\/\/www.ringier.com\/de\/ladina-heimgartner-wird-head-global-media-der-ringier-ag\/#primaryimage"},"image":{"@id":"https:\/\/www.ringier.com\/de\/ladina-heimgartner-wird-head-global-media-der-ringier-ag\/#primaryimage"},"thumbnailUrl":"https:\/\/www.ringier.com\/wp-content\/uploads\/2020\/09\/Ladina-Heimgartner-und-Thomas-Spiegel-scaled.jpg","datePublished":"2020-09-17T09:03:00+00:00","dateModified":"2025-06-17T12:35:03+00:00","breadcrumb":{"@id":"https:\/\/www.ringier.com\/de\/ladina-heimgartner-wird-head-global-media-der-ringier-ag\/#breadcrumb"},"inLanguage":"de-DE","potentialAction":[{"@type":"ReadAction","target":["https:\/\/www.ringier.com\/de\/ladina-heimgartner-wird-head-global-media-der-ringier-ag\/"]}]},{"@type":"ImageObject","inLanguage":"de-DE","@id":"https:\/\/www.ringier.com\/de\/ladina-heimgartner-wird-head-global-media-der-ringier-ag\/#primaryimage","url":"https:\/\/www.ringier.com\/wp-content\/uploads\/2020\/09\/Ladina-Heimgartner-und-Thomas-Spiegel-scaled.jpg","contentUrl":"https:\/\/www.ringier.com\/wp-content\/uploads\/2020\/09\/Ladina-Heimgartner-und-Thomas-Spiegel-scaled.jpg","width":2560,"height":1340},{"@type":"BreadcrumbList","@id":"https:\/\/www.ringier.com\/de\/ladina-heimgartner-wird-head-global-media-der-ringier-ag\/#breadcrumb","itemListElement":[{"@type":"ListItem","position":1,"name":"Home","item":"https:\/\/www.ringier.com\/de\/"},{"@type":"ListItem","position":2,"name":"Ladina Heimgartner wird Head Global Media von Ringier"}]},{"@type":"WebSite","@id":"https:\/\/www.ringier.com\/de\/#website","url":"https:\/\/www.ringier.com\/de\/","name":"Ringier","description":"We inform. We entertain. We connect","publisher":{"@id":"https:\/\/www.ringier.com\/de\/#organization"},"potentialAction":[{"@type":"SearchAction","target":{"@type":"EntryPoint","urlTemplate":"https:\/\/www.ringier.com\/de\/?s={search_term_string}"},"query-input":{"@type":"PropertyValueSpecification","valueRequired":true,"valueName":"search_term_string"}}],"inLanguage":"de-DE"},{"@type":"Organization","@id":"https:\/\/www.ringier.com\/de\/#organization","name":"Ringier","url":"https:\/\/www.ringier.com\/de\/","logo":{"@type":"ImageObject","inLanguage":"de-DE","@id":"https:\/\/www.ringier.com\/de\/#\/schema\/logo\/image\/","url":"https:\/\/www.ringier.com\/wp-content\/uploads\/2021\/10\/ringier_logo_2.jpg","contentUrl":"https:\/\/www.ringier.com\/wp-content\/uploads\/2021\/10\/ringier_logo_2.jpg","width":750,"height":550,"caption":"Ringier"},"image":{"@id":"https:\/\/www.ringier.com\/de\/#\/schema\/logo\/image\/"},"sameAs":["https:\/\/www.facebook.com\/ringierag\/","https:\/\/x.com\/ringier_ag","https:\/\/www.instagram.com\/ringier_ag\/","https:\/\/www.linkedin.com\/company\/ringier\/","https:\/\/www.youtube.com\/user\/RingierComm","https:\/\/en.wikipedia.org\/wiki\/Ringier","https:\/\/de.wikipedia.org\/wiki\/Ringier","https:\/\/fr.wikipedia.org\/wiki\/Ringier","https:\/\/www.crunchbase.com\/organization\/ringier-ag"]},{"@type":"Person","@id":"https:\/\/www.ringier.com\/de\/#\/schema\/person\/4cf76a308dc4b2bb5121bd1e7b752e52","name":"Ringier Corporate Communications","image":{"@type":"ImageObject","inLanguage":"de-DE","@id":"https:\/\/www.ringier.com\/de\/#\/schema\/person\/image\/","url":"https:\/\/secure.gravatar.com\/avatar\/9391e20481368d5df4fe3e1e476c13b27786347489822ec1ed07e532bb41f587?s=96&d=mm&r=g","contentUrl":"https:\/\/secure.gravatar.com\/avatar\/9391e20481368d5df4fe3e1e476c13b27786347489822ec1ed07e532bb41f587?s=96&d=mm&r=g","caption":"Ringier Corporate Communications"},"sameAs":["https:\/\/www.ringier.com"]}]}},"_links":{"self":[{"href":"https:\/\/www.ringier.com\/de\/wp-json\/wp\/v2\/posts\/10261","targetHints":{"allow":["GET"]}}],"collection":[{"href":"https:\/\/www.ringier.com\/de\/wp-json\/wp\/v2\/posts"}],"about":[{"href":"https:\/\/www.ringier.com\/de\/wp-json\/wp\/v2\/types\/post"}],"author":[{"embeddable":true,"href":"https:\/\/www.ringier.com\/de\/wp-json\/wp\/v2\/users\/23"}],"replies":[{"embeddable":true,"href":"https:\/\/www.ringier.com\/de\/wp-json\/wp\/v2\/comments?post=10261"}],"version-history":[{"count":0,"href":"https:\/\/www.ringier.com\/de\/wp-json\/wp\/v2\/posts\/10261\/revisions"}],"wp:featuredmedia":[{"embeddable":true,"href":"https:\/\/www.ringier.com\/de\/wp-json\/wp\/v2\/media\/11417"}],"wp:attachment":[{"href":"https:\/\/www.ringier.com\/de\/wp-json\/wp\/v2\/media?parent=10261"}],"wp:term":[{"taxonomy":"category","embeddable":true,"href":"https:\/\/www.ringier.com\/de\/wp-json\/wp\/v2\/categories?post=10261"},{"taxonomy":"post_tag","embeddable":true,"href":"https:\/\/www.ringier.com\/de\/wp-json\/wp\/v2\/tags?post=10261"}],"curies":[{"name":"wp","href":"https:\/\/api.w.org\/{rel}","templated":true}]}}