{"id":10244,"date":"2012-10-26T10:49:00","date_gmt":"2012-10-26T08:49:00","guid":{"rendered":"https:\/\/www.ringier.com\/?p=10244"},"modified":"2024-11-29T14:55:28","modified_gmt":"2024-11-29T13:55:28","slug":"heritage-phases-de-lune-retrograde-8860-von-breguet-uhr-des-jahres-2012","status":"publish","type":"post","link":"https:\/\/www.ringier.com\/de\/heritage-phases-de-lune-retrograde-8860-von-breguet-uhr-des-jahres-2012\/","title":{"rendered":"H\u00e9ritage Phases de Lune R\u00e9trograde 8860 von Breguet Uhr des Jahres 2012"},"content":{"rendered":"\n<p>Die vom Uhrenmagazin Montres Passion f\u00fcr die 19. Preisverleihung ernannte unabh\u00e4ngige profes- sionelle Jury hat eine k\u00fchne Pioniertat vollbracht: Unter vierzig Finalisten-Uhren hat sie drei Damen- modelle zum Siegertrio des Preises der Uhr des Jahres 2012 gek\u00fcrt. Drei Zeitmesser, die laut Jury als \u00abechte Damenuhren erdacht, gezeichnet und konzipiert sowie mit mechanischen Werken von feinster Machart ausgestattet und schlie\u00dflich in bewundernswerter Weise endbearbeitet und dekoriert wurden\u00bb.<\/p>\n\n\n\n<p>Das Modell H\u00e9ritage Phases de Lune R\u00e9trograde 8860 von Breguet kumuliert die Lorbeeren des 1. Preises der Jury f\u00fcr die Uhr des Jahres 2012 und der damenuhr des Jahres. Diese doppelte K\u00fcr verdankt es vor allem \u00abseiner \u00e4sthetischen und uhrmacherischen K\u00fchnheit sowie der Subtilit\u00e4t und Qualit\u00e4t seiner Endbearbeitungen\u00bb, die es, wie die Jury zu glauben wagt, \u00absehr schnell in den Rang einer neuen uhrmacherischen Ikone erheben werden\u00bb.<\/p>\n\n\n\n<p>Der 2. Preis der Jury ging an die Velvet von Roger dubuis, und zwar insbesondere wegen \u00abihres Tragkomforts und ihrer \u00e4sthetischen Originalit\u00e4t\u00bb. F\u00fcr die Jury war dieses &nbsp;Modell \u00abendlich die Vollendung einer echten Damenuhr im Katalog dieser Manufaktur\u00bb.<\/p>\n\n\n\n<p>Die Baignoire Folle von Cartier wiederum erhielt den 3. Preis der Jury f\u00fcr \u00abihre zur Ikone gewordene ovale und gew\u00f6lbte Form, die Qualit\u00e4t und Feinheit des Schmuckbesatzes\u00bb sowie vor allem f\u00fcr ihr Zifferblatt, das von der Jury als \u00abverspielt, sexy, berauschend, au\u00dfergew\u00f6hnlich, leuchtend, magisch, ja selbst frivol\u2026 \u00bb ausgelobt wurde.<\/p>\n\n\n\n<p>Der \u00abCoup de C\u0153ur\u00bb oder spezialpreis der Jury ging an die Manufaktur Jaeger-LeCoultre, die dieses &nbsp;Jahr \u00abgest\u00e4rkt durch ihre unglaublich reiche Geschichte sowie die Qualit\u00e4t, Originalit\u00e4t und Zuverl\u00e4ssigkeit ihrer Kreationen\u00bb erneut \u00abmehrere einzigartige Zeitmesser\u00bb herausgebracht hat. Dazu geh\u00f6ren vor allem die Duom\u00e8tres Sph\u00e9ro- tourbillon et \u00e0 Quanti\u00e8me Lunaire, die Reverso R\u00e9p\u00e9tition Minutes \u00e0 Rideau Venise und die Ultra Thin Squelette sowie die Master Grande Tradition \u00e0 R\u00e9p\u00e9tition Minutes und die Ultra Thin Tourbillon.<\/p>\n\n\n\n<p>Wie immer wurden die vierzig Finalistenmodelle der Jury-Vorauswahl dem Publikum im Rahmen eines Online-Wettbewerbs auf einer speziellen Website zur Bewertung vorgelegt, und zwar vom 21. September bis 12. Oktober. Nach der Ausz\u00e4hlung von mehreren tausend Stimmen setzte sich die Tradition Breguet 7067 GMT von Breguet durch und errang so den Preis des Publikums 2012.<\/p>\n\n\n\n<p>Die Preise wurden den Vertretern der Marken und Manufakturen anl\u00e4sslich einer Feier \u00fcberreicht, &nbsp;die am 26. Oktober 2012 in Genf im Beisein von mehr als 600 Pers\u00f6nlichkeiten aus der Uhrenwelt stattfand.<\/p>\n\n\n\n<p>Seit 1994 zeichnet der Preis der Uhr des Jahres die in technischer und \u00e4sthetischer Hinsicht besten Uhrenkreationen des Jahres aus. Der Preis wurde vom Magazin Montres Passion ins Leben gerufen, das von Ringier Romandie in einer franz\u00f6sischen und einer deutschen Version herausgegeben wird. Diese Ma\u00dfst\u00e4be setzende Zeitschrift und Botschafterin der Schweizer Qualit\u00e4tsuhr will zur weiteren Entfaltung der Uhrenkultur beitragen.&nbsp;<\/p>\n\n\n\n<p><strong>Kontakt:<\/strong><br>Didier Pradervand<br>Chefredaktor Montres Passion<br>Ringier SA, Pont Bessi\u00e8res 3, Postfach 7289, CH-1002 Lausanne<br>Telefon: +41 21 331 77 80<br>Fax: +41 21 331 70 01<br>E-Mail: didier.pradervand@ringier.ch<\/p>\n\n\n<div id=\"gutenslider-gkoelmo3f\" class=\"wp-block-eedee-block-gutenslider gs-frontend content-change alignnone arrow-style-1 arrow-position-sides arrow-mb-none arrows-lg arrows-md arrows-sm dot-style-1 dots-lg dots-md dots-sm dot-position-bottom is-position-center-center mb-none wrap-auto-height\" data-parallax-direction=\"down\" data-parallax-amount=\"1.3\" data-lg-transition=\"lg-slide\" data-hash=\"\" ><div class=\"eedee-swiper-outer\" style=\"--gutenslider-min-height: 50vh;--gutenslider-arrow-size: 30px;--gutenslider-dot-size: 25px;--gutenslider-arrow-color: #ffffff;--gutenslider-dot-color: #ffffff;--gutenslider-padding-y-mobile: 40px;--gutenslider-padding-x-mobile: 40px;--gutenslider-padding-y-tablet: 40px;--gutenslider-padding-x-tablet: 40px;--gutenslider-padding-y-desktop: 40px;--gutenslider-padding-x-desktop: 40px;--gutenslider-bg-image: url();--gutenslider-min-height-md: 50vh;--gutenslider-min-height-sm: 50vh;--gutenslider-padding-x: 40px;--gutenslider-padding-x-md: 40px;--gutenslider-padding-x-sm: 20px;--gutenslider-padding-y: 40px;--gutenslider-padding-y-md: 40px;--gutenslider-padding-y-sm: 20px;--gutenslider-arrow-size-md: 30px;--gutenslider-arrow-size-sm: 30px;--gutenslider-dot-size-md: 25px;--gutenslider-dot-size-sm: 25px;--gutenslider-arrow-bg-color: transparent;--gutenslider-arrow-hover-color: #eeeeee;--gutenslider-arrow-bg-hover-color: transparent;--gutenslider-arrow-x-offset: 10px;--gutenslider-arrow-x-offset-md: 10px;--gutenslider-arrow-x-offset-sm: 10px;--gutenslider-arrow-y-offset: 0px;--gutenslider-arrow-y-offset-md: 0px;--gutenslider-arrow-y-offset-sm: 0px;--gutenslider-arrow-x-spacing: 0px;--gutenslider-dot-y-offset: 10px;--gutenslider-dot-y-offset-md: 10px;--gutenslider-dot-y-offset-sm: 10px;--gutenslider-margin-x: 0px;--gutenslider-margin-x-md: 0px;--gutenslider-margin-x-sm: 0px;--gutenslider-margin-y: 0px;--gutenslider-margin-y-md: 0px;--gutenslider-margin-y-sm: 0px;--gutenslider-divider-top: 60px;--gutenslider-divider-bottom: 60px;--gutenslider-lightgallery-bg: #ffffff;--gutenslider-lightgallery-font: #000000;--gs-first-pos: 50% 50%;--gs-gap-vertical: var( --wp--style--gallery-gap-default, var( --gallery-block--gutter-size, var( --wp--style--block-gap, 0.5em ) ) );--gs-gap-horizontal: var( --wp--style--gallery-gap-default, var( --gallery-block--gutter-size, var( --wp--style--block-gap, 0.5em ) ) );\"><div class=\"gutenslider-divider-top\" style=\"color:#fff;\"><\/div><div class=\"swiper\" data-settings='{\"autoplay\":{\"delay\":3000,\"pauseOnMouseEnter\":true,\"disableOnInteraction\":false},\"speed\":700,\"direction\":\"horizontal\",\"autoHeight\":\"\",\"loop\":true,\"centeredSlides\":true,\"spaceBetween\":0,\"slidesPerView\":1,\"slidesPerGroup\":1,\"effect\":\"slide\",\"coverflowEffect\":{\"rotate\":30,\"slideShadows\":false,\"depth\":100,\"stretch\":50,\"modifier\":1},\"fadeEffect\":{\"crossFade\":true},\"zoom\":\"\",\"navigation\":{\"nextEl\":\"#gutenslider-gkoelmo3f .eedee-gutenslider-next\",\"prevEl\":\"#gutenslider-gkoelmo3f .eedee-gutenslider-prev\"},\"pagination\":{\"type\":\"bullets\",\"clickable\":true,\"dynamicBullets\":false,\"el\":\"#gutenslider-gkoelmo3f .eedee-gutenslider-pagination\"},\"pauseOnHover\":\"1\",\"watchSlidesProgress\":true,\"watchSlidesVisibility\":true,\"settingsMd\":{\"autoHeight\":\"\",\"slidesPerView\":1,\"slidesPerGroup\":1,\"spaceBetween\":0,\"loop\":true},\"settingsLg\":{\"autoHeight\":\"\",\"slidesPerView\":1,\"slidesPerGroup\":1,\"spaceBetween\":0,\"loop\":true},\"hasLg\":false,\"hasLgCounter\":true,\"isFullScreen\":false,\"arrowsFollowMouse\":false,\"lgTitle\":\"none\",\"lgCaption\":\"none\",\"lgThumbnails\":true,\"lgZoomEnabled\":false,\"keyboard\":{\"keyboard\":{\"enabled\":true,\"onlyInViewport\":true}},\"hashNavigation\":false,\"dividers\":false}'><div class=\"swiper-wrapper\">\n<div class=\"swiper-slide wp-block-eedee-block-gutenslide is-position-center-center ed-bg-image\" style=\"--ed-vw:300;--ed-vh:200;\" data-hash=\"\"><div class=\"eedee-background-div bg-image\"><img loading=\"lazy\" width=\"1005\" height=\"670\" class=\"wp-image-10283\" src=\"https:\/\/www.ringier.com\/wp-content\/uploads\/2021\/10\/prix_du_public_breguet_tradition_breguet_7067_gmt.png\" alt=\"\" decoding=\"async\" style=\"object-fit: cover; object-position: 50% 50%;\"  data-title=\"prix_du_public_breguet_tradition_breguet_7067_gmt\" srcset=\"https:\/\/www.ringier.com\/wp-content\/uploads\/2021\/10\/prix_du_public_breguet_tradition_breguet_7067_gmt.png 1005w, https:\/\/www.ringier.com\/wp-content\/uploads\/2021\/10\/prix_du_public_breguet_tradition_breguet_7067_gmt-300x200.png 300w, https:\/\/www.ringier.com\/wp-content\/uploads\/2021\/10\/prix_du_public_breguet_tradition_breguet_7067_gmt-768x512.png 768w\" sizes=\"auto, (max-width: 1005px) 100vw, 1005px\" \/><div class=\"eedee-background-div__overlay\" style=\"opacity:1;\"><\/div><\/div><div class=\"slide-content\">\n\n<p class=\"has-text-align-center gutenslider-content-initial has-larger-font-size\"><\/p>\n\n<\/div><\/div>\n\n<div class=\"swiper-slide wp-block-eedee-block-gutenslide is-position-center-center ed-bg-image\" style=\"--ed-vw:300;--ed-vh:200;\" data-hash=\"\"><div class=\"eedee-background-div bg-image\"><img loading=\"lazy\" width=\"1005\" height=\"670\" class=\"wp-image-10280\" src=\"https:\/\/www.ringier.com\/wp-content\/uploads\/2021\/10\/2e_prix_du_jury_roger_dubuis_velvet.png\" alt=\"\" decoding=\"async\" style=\"object-fit: cover; object-position: 50% 50%;\"  data-title=\"2e_prix_du_jury_roger_dubuis_velvet\" srcset=\"https:\/\/www.ringier.com\/wp-content\/uploads\/2021\/10\/2e_prix_du_jury_roger_dubuis_velvet.png 1005w, https:\/\/www.ringier.com\/wp-content\/uploads\/2021\/10\/2e_prix_du_jury_roger_dubuis_velvet-300x200.png 300w, https:\/\/www.ringier.com\/wp-content\/uploads\/2021\/10\/2e_prix_du_jury_roger_dubuis_velvet-768x512.png 768w\" sizes=\"auto, (max-width: 1005px) 100vw, 1005px\" \/><div class=\"eedee-background-div__overlay\" style=\"opacity:1;\"><\/div><\/div><div class=\"slide-content\">\n\n<p class=\"has-text-align-center gutenslider-content-initial has-larger-font-size\"><\/p>\n\n<\/div><\/div>\n\n<div class=\"swiper-slide wp-block-eedee-block-gutenslide is-position-center-center ed-bg-image\" style=\"--ed-vw:300;--ed-vh:200;\" data-hash=\"\"><div class=\"eedee-background-div bg-image\"><img loading=\"lazy\" width=\"1005\" height=\"670\" class=\"wp-image-10277\" src=\"https:\/\/www.ringier.com\/wp-content\/uploads\/2021\/10\/1er_prix_du_jury_et_prix_montre_dame_breguet_heritage_phases_de_lune_retrograde_8860.png\" alt=\"\" decoding=\"async\" style=\"object-fit: cover; object-position: 50% 50%;\"  data-title=\"1er_prix_du_jury_et_prix_montre_dame_breguet_heritage_phases_de_lune_retrograde_8860\" srcset=\"https:\/\/www.ringier.com\/wp-content\/uploads\/2021\/10\/1er_prix_du_jury_et_prix_montre_dame_breguet_heritage_phases_de_lune_retrograde_8860.png 1005w, https:\/\/www.ringier.com\/wp-content\/uploads\/2021\/10\/1er_prix_du_jury_et_prix_montre_dame_breguet_heritage_phases_de_lune_retrograde_8860-300x200.png 300w, https:\/\/www.ringier.com\/wp-content\/uploads\/2021\/10\/1er_prix_du_jury_et_prix_montre_dame_breguet_heritage_phases_de_lune_retrograde_8860-768x512.png 768w\" sizes=\"auto, (max-width: 1005px) 100vw, 1005px\" \/><div class=\"eedee-background-div__overlay\" style=\"opacity:1;\"><\/div><\/div><div class=\"slide-content\">\n\n<p class=\"has-text-align-center gutenslider-content-initial has-larger-font-size\"><\/p>\n\n<\/div><\/div>\n<\/div><\/div><button class=\"eedee-gutenslider-nav eedee-gutenslider-prev\"><svg xmlns=\"http:\/\/www.w3.org\/2000\/svg\" viewBox=\"0 0 24 24\" width=\"24\" height=\"24\"><circle class=\"bg\" cx=\"13\" cy=\"12\" r=\"11\" \/><path fill=\"none\" d=\"M0 0h24v24H0z\"\/><path class=\"arrow\" d=\"M10.828 12l4.95 4.95-1.414 1.414L8 12l6.364-6.364 1.414 1.414z\"\/><\/svg><\/button><button class=\"eedee-gutenslider-nav eedee-gutenslider-next\"><svg xmlns=\"http:\/\/www.w3.org\/2000\/svg\" viewBox=\"0 0 24 24\" width=\"24\" height=\"24\"><circle class=\"bg\" cx=\"11\" cy=\"12\" r=\"11\" \/><path fill=\"none\" d=\"M0 0h24v24H0z\"\/><path class=\"arrow\" d=\"M13.172 12l-4.95-4.95 1.414-1.414L16 12l-6.364 6.364-1.414-1.414z\"\/><\/svg><\/button><div class=\"eedee-gutenslider-pagination\"><\/div><div class=\"gutenslider-divider-bottom \" style=\"color:#fff;\"><\/div><\/div><\/div>","protected":false},"excerpt":{"rendered":"<p>Die vom Uhrenmagazin Montres Passion f\u00fcr die 19. Preisverleihung ernannte unabh\u00e4ngige profes- sionelle Jury hat eine k\u00fchne Pioniertat vollbracht: Unter vierzig Finalisten-Uhren hat sie drei Damen- modelle zum Siegertrio des Preises der Uhr des Jahres 2012 gek\u00fcrt. Drei Zeitmesser, die laut Jury als \u00abechte Damenuhren erdacht, gezeichnet und konzipiert sowie mit mechanischen Werken von feinster [&hellip;]<\/p>\n","protected":false},"author":23,"featured_media":6232,"comment_status":"closed","ping_status":"open","sticky":false,"template":"","format":"standard","meta":{"inline_featured_image":false,"footnotes":""},"categories":[371],"tags":[],"class_list":["post-10244","post","type-post","status-publish","format-standard","has-post-thumbnail","hentry","category-media-de"],"yoast_head":"<!-- This site is optimized with the Yoast SEO Premium plugin v27.0 (Yoast SEO v27.0) - https:\/\/yoast.com\/product\/yoast-seo-premium-wordpress\/ -->\n<title>H\u00e9ritage Phases de Lune R\u00e9trograde 8860 von Breguet Uhr des Jahres 2012 - Ringier<\/title>\n<meta name=\"robots\" content=\"index, follow, max-snippet:-1, max-image-preview:large, max-video-preview:-1\" \/>\n<link rel=\"canonical\" href=\"https:\/\/www.ringier.com\/de\/heritage-phases-de-lune-retrograde-8860-von-breguet-uhr-des-jahres-2012\/\" \/>\n<meta property=\"og:locale\" content=\"de_DE\" \/>\n<meta property=\"og:type\" content=\"article\" \/>\n<meta property=\"og:title\" content=\"H\u00e9ritage Phases de Lune R\u00e9trograde 8860 von Breguet Uhr des Jahres 2012\" \/>\n<meta property=\"og:description\" content=\"Die vom Uhrenmagazin Montres Passion f\u00fcr die 19. Preisverleihung ernannte unabh\u00e4ngige profes- sionelle Jury hat eine k\u00fchne Pioniertat vollbracht: Unter vierzig Finalisten-Uhren hat sie drei Damen- modelle zum Siegertrio des Preises der Uhr des Jahres 2012 gek\u00fcrt. Drei Zeitmesser, die laut Jury als \u00abechte Damenuhren erdacht, gezeichnet und konzipiert sowie mit mechanischen Werken von feinster [&hellip;]\" \/>\n<meta property=\"og:url\" content=\"https:\/\/www.ringier.com\/de\/heritage-phases-de-lune-retrograde-8860-von-breguet-uhr-des-jahres-2012\/\" \/>\n<meta property=\"og:site_name\" content=\"Ringier\" \/>\n<meta property=\"article:publisher\" content=\"https:\/\/www.facebook.com\/ringierag\/\" \/>\n<meta property=\"article:published_time\" content=\"2012-10-26T08:49:00+00:00\" \/>\n<meta property=\"article:modified_time\" content=\"2024-11-29T13:55:28+00:00\" \/>\n<meta property=\"og:image\" content=\"https:\/\/www.ringier.com\/wp-content\/uploads\/2021\/09\/Press-Release-Default.png\" \/>\n\t<meta property=\"og:image:width\" content=\"8001\" \/>\n\t<meta property=\"og:image:height\" content=\"4201\" \/>\n\t<meta property=\"og:image:type\" content=\"image\/png\" \/>\n<meta name=\"author\" content=\"Ringier Corporate Communications\" \/>\n<meta name=\"twitter:card\" content=\"summary_large_image\" \/>\n<meta name=\"twitter:creator\" content=\"@ringier_ag\" \/>\n<meta name=\"twitter:site\" content=\"@ringier_ag\" \/>\n<meta name=\"twitter:label1\" content=\"Verfasst von\" \/>\n\t<meta name=\"twitter:data1\" content=\"Ringier Corporate Communications\" \/>\n\t<meta name=\"twitter:label2\" content=\"Gesch\u00e4tzte Lesezeit\" \/>\n\t<meta name=\"twitter:data2\" content=\"3 Minuten\" \/>\n<script type=\"application\/ld+json\" class=\"yoast-schema-graph\">{\"@context\":\"https:\/\/schema.org\",\"@graph\":[{\"@type\":\"Article\",\"@id\":\"https:\/\/www.ringier.com\/de\/heritage-phases-de-lune-retrograde-8860-von-breguet-uhr-des-jahres-2012\/#article\",\"isPartOf\":{\"@id\":\"https:\/\/www.ringier.com\/de\/heritage-phases-de-lune-retrograde-8860-von-breguet-uhr-des-jahres-2012\/\"},\"author\":{\"name\":\"Ringier Corporate Communications\",\"@id\":\"https:\/\/www.ringier.com\/de\/#\/schema\/person\/4cf76a308dc4b2bb5121bd1e7b752e52\"},\"headline\":\"H\u00e9ritage Phases de Lune R\u00e9trograde 8860 von Breguet Uhr des Jahres 2012\",\"datePublished\":\"2012-10-26T08:49:00+00:00\",\"dateModified\":\"2024-11-29T13:55:28+00:00\",\"mainEntityOfPage\":{\"@id\":\"https:\/\/www.ringier.com\/de\/heritage-phases-de-lune-retrograde-8860-von-breguet-uhr-des-jahres-2012\/\"},\"wordCount\":493,\"publisher\":{\"@id\":\"https:\/\/www.ringier.com\/de\/#organization\"},\"image\":{\"@id\":\"https:\/\/www.ringier.com\/de\/heritage-phases-de-lune-retrograde-8860-von-breguet-uhr-des-jahres-2012\/#primaryimage\"},\"thumbnailUrl\":\"https:\/\/www.ringier.com\/wp-content\/uploads\/2021\/09\/Press-Release-Default.png\",\"articleSection\":[\"Media\"],\"inLanguage\":\"de-DE\"},{\"@type\":\"WebPage\",\"@id\":\"https:\/\/www.ringier.com\/de\/heritage-phases-de-lune-retrograde-8860-von-breguet-uhr-des-jahres-2012\/\",\"url\":\"https:\/\/www.ringier.com\/de\/heritage-phases-de-lune-retrograde-8860-von-breguet-uhr-des-jahres-2012\/\",\"name\":\"H\u00e9ritage Phases de Lune R\u00e9trograde 8860 von Breguet Uhr des Jahres 2012 - Ringier\",\"isPartOf\":{\"@id\":\"https:\/\/www.ringier.com\/de\/#website\"},\"primaryImageOfPage\":{\"@id\":\"https:\/\/www.ringier.com\/de\/heritage-phases-de-lune-retrograde-8860-von-breguet-uhr-des-jahres-2012\/#primaryimage\"},\"image\":{\"@id\":\"https:\/\/www.ringier.com\/de\/heritage-phases-de-lune-retrograde-8860-von-breguet-uhr-des-jahres-2012\/#primaryimage\"},\"thumbnailUrl\":\"https:\/\/www.ringier.com\/wp-content\/uploads\/2021\/09\/Press-Release-Default.png\",\"datePublished\":\"2012-10-26T08:49:00+00:00\",\"dateModified\":\"2024-11-29T13:55:28+00:00\",\"breadcrumb\":{\"@id\":\"https:\/\/www.ringier.com\/de\/heritage-phases-de-lune-retrograde-8860-von-breguet-uhr-des-jahres-2012\/#breadcrumb\"},\"inLanguage\":\"de-DE\",\"potentialAction\":[{\"@type\":\"ReadAction\",\"target\":[\"https:\/\/www.ringier.com\/de\/heritage-phases-de-lune-retrograde-8860-von-breguet-uhr-des-jahres-2012\/\"]}]},{\"@type\":\"ImageObject\",\"inLanguage\":\"de-DE\",\"@id\":\"https:\/\/www.ringier.com\/de\/heritage-phases-de-lune-retrograde-8860-von-breguet-uhr-des-jahres-2012\/#primaryimage\",\"url\":\"https:\/\/www.ringier.com\/wp-content\/uploads\/2021\/09\/Press-Release-Default.png\",\"contentUrl\":\"https:\/\/www.ringier.com\/wp-content\/uploads\/2021\/09\/Press-Release-Default.png\",\"width\":8001,\"height\":4201},{\"@type\":\"BreadcrumbList\",\"@id\":\"https:\/\/www.ringier.com\/de\/heritage-phases-de-lune-retrograde-8860-von-breguet-uhr-des-jahres-2012\/#breadcrumb\",\"itemListElement\":[{\"@type\":\"ListItem\",\"position\":1,\"name\":\"Home\",\"item\":\"https:\/\/www.ringier.com\/de\/\"},{\"@type\":\"ListItem\",\"position\":2,\"name\":\"H\u00e9ritage Phases de Lune R\u00e9trograde 8860 von Breguet Uhr des Jahres 2012\"}]},{\"@type\":\"WebSite\",\"@id\":\"https:\/\/www.ringier.com\/de\/#website\",\"url\":\"https:\/\/www.ringier.com\/de\/\",\"name\":\"Ringier\",\"description\":\"We inform. We entertain. We connect\",\"publisher\":{\"@id\":\"https:\/\/www.ringier.com\/de\/#organization\"},\"potentialAction\":[{\"@type\":\"SearchAction\",\"target\":{\"@type\":\"EntryPoint\",\"urlTemplate\":\"https:\/\/www.ringier.com\/de\/?s={search_term_string}\"},\"query-input\":{\"@type\":\"PropertyValueSpecification\",\"valueRequired\":true,\"valueName\":\"search_term_string\"}}],\"inLanguage\":\"de-DE\"},{\"@type\":\"Organization\",\"@id\":\"https:\/\/www.ringier.com\/de\/#organization\",\"name\":\"Ringier\",\"url\":\"https:\/\/www.ringier.com\/de\/\",\"logo\":{\"@type\":\"ImageObject\",\"inLanguage\":\"de-DE\",\"@id\":\"https:\/\/www.ringier.com\/de\/#\/schema\/logo\/image\/\",\"url\":\"https:\/\/www.ringier.com\/wp-content\/uploads\/2021\/10\/ringier_logo_2.jpg\",\"contentUrl\":\"https:\/\/www.ringier.com\/wp-content\/uploads\/2021\/10\/ringier_logo_2.jpg\",\"width\":750,\"height\":550,\"caption\":\"Ringier\"},\"image\":{\"@id\":\"https:\/\/www.ringier.com\/de\/#\/schema\/logo\/image\/\"},\"sameAs\":[\"https:\/\/www.facebook.com\/ringierag\/\",\"https:\/\/x.com\/ringier_ag\",\"https:\/\/www.instagram.com\/ringier_ag\/\",\"https:\/\/www.linkedin.com\/company\/ringier\/\",\"https:\/\/www.youtube.com\/user\/RingierComm\",\"https:\/\/en.wikipedia.org\/wiki\/Ringier\",\"https:\/\/de.wikipedia.org\/wiki\/Ringier\",\"https:\/\/fr.wikipedia.org\/wiki\/Ringier\",\"https:\/\/www.crunchbase.com\/organization\/ringier-ag\"]},{\"@type\":\"Person\",\"@id\":\"https:\/\/www.ringier.com\/de\/#\/schema\/person\/4cf76a308dc4b2bb5121bd1e7b752e52\",\"name\":\"Ringier Corporate Communications\",\"image\":{\"@type\":\"ImageObject\",\"inLanguage\":\"de-DE\",\"@id\":\"https:\/\/www.ringier.com\/de\/#\/schema\/person\/image\/\",\"url\":\"https:\/\/secure.gravatar.com\/avatar\/9391e20481368d5df4fe3e1e476c13b27786347489822ec1ed07e532bb41f587?s=96&d=mm&r=g\",\"contentUrl\":\"https:\/\/secure.gravatar.com\/avatar\/9391e20481368d5df4fe3e1e476c13b27786347489822ec1ed07e532bb41f587?s=96&d=mm&r=g\",\"caption\":\"Ringier Corporate Communications\"},\"sameAs\":[\"https:\/\/www.ringier.com\"]}]}<\/script>\n<!-- \/ Yoast SEO Premium plugin. -->","yoast_head_json":{"title":"H\u00e9ritage Phases de Lune R\u00e9trograde 8860 von Breguet Uhr des Jahres 2012 - Ringier","robots":{"index":"index","follow":"follow","max-snippet":"max-snippet:-1","max-image-preview":"max-image-preview:large","max-video-preview":"max-video-preview:-1"},"canonical":"https:\/\/www.ringier.com\/de\/heritage-phases-de-lune-retrograde-8860-von-breguet-uhr-des-jahres-2012\/","og_locale":"de_DE","og_type":"article","og_title":"H\u00e9ritage Phases de Lune R\u00e9trograde 8860 von Breguet Uhr des Jahres 2012","og_description":"Die vom Uhrenmagazin Montres Passion f\u00fcr die 19. Preisverleihung ernannte unabh\u00e4ngige profes- sionelle Jury hat eine k\u00fchne Pioniertat vollbracht: Unter vierzig Finalisten-Uhren hat sie drei Damen- modelle zum Siegertrio des Preises der Uhr des Jahres 2012 gek\u00fcrt. Drei Zeitmesser, die laut Jury als \u00abechte Damenuhren erdacht, gezeichnet und konzipiert sowie mit mechanischen Werken von feinster [&hellip;]","og_url":"https:\/\/www.ringier.com\/de\/heritage-phases-de-lune-retrograde-8860-von-breguet-uhr-des-jahres-2012\/","og_site_name":"Ringier","article_publisher":"https:\/\/www.facebook.com\/ringierag\/","article_published_time":"2012-10-26T08:49:00+00:00","article_modified_time":"2024-11-29T13:55:28+00:00","og_image":[{"width":8001,"height":4201,"url":"https:\/\/www.ringier.com\/wp-content\/uploads\/2021\/09\/Press-Release-Default.png","type":"image\/png"}],"author":"Ringier Corporate Communications","twitter_card":"summary_large_image","twitter_creator":"@ringier_ag","twitter_site":"@ringier_ag","twitter_misc":{"Verfasst von":"Ringier Corporate Communications","Gesch\u00e4tzte Lesezeit":"3 Minuten"},"schema":{"@context":"https:\/\/schema.org","@graph":[{"@type":"Article","@id":"https:\/\/www.ringier.com\/de\/heritage-phases-de-lune-retrograde-8860-von-breguet-uhr-des-jahres-2012\/#article","isPartOf":{"@id":"https:\/\/www.ringier.com\/de\/heritage-phases-de-lune-retrograde-8860-von-breguet-uhr-des-jahres-2012\/"},"author":{"name":"Ringier Corporate Communications","@id":"https:\/\/www.ringier.com\/de\/#\/schema\/person\/4cf76a308dc4b2bb5121bd1e7b752e52"},"headline":"H\u00e9ritage Phases de Lune R\u00e9trograde 8860 von Breguet Uhr des Jahres 2012","datePublished":"2012-10-26T08:49:00+00:00","dateModified":"2024-11-29T13:55:28+00:00","mainEntityOfPage":{"@id":"https:\/\/www.ringier.com\/de\/heritage-phases-de-lune-retrograde-8860-von-breguet-uhr-des-jahres-2012\/"},"wordCount":493,"publisher":{"@id":"https:\/\/www.ringier.com\/de\/#organization"},"image":{"@id":"https:\/\/www.ringier.com\/de\/heritage-phases-de-lune-retrograde-8860-von-breguet-uhr-des-jahres-2012\/#primaryimage"},"thumbnailUrl":"https:\/\/www.ringier.com\/wp-content\/uploads\/2021\/09\/Press-Release-Default.png","articleSection":["Media"],"inLanguage":"de-DE"},{"@type":"WebPage","@id":"https:\/\/www.ringier.com\/de\/heritage-phases-de-lune-retrograde-8860-von-breguet-uhr-des-jahres-2012\/","url":"https:\/\/www.ringier.com\/de\/heritage-phases-de-lune-retrograde-8860-von-breguet-uhr-des-jahres-2012\/","name":"H\u00e9ritage Phases de Lune R\u00e9trograde 8860 von Breguet Uhr des Jahres 2012 - Ringier","isPartOf":{"@id":"https:\/\/www.ringier.com\/de\/#website"},"primaryImageOfPage":{"@id":"https:\/\/www.ringier.com\/de\/heritage-phases-de-lune-retrograde-8860-von-breguet-uhr-des-jahres-2012\/#primaryimage"},"image":{"@id":"https:\/\/www.ringier.com\/de\/heritage-phases-de-lune-retrograde-8860-von-breguet-uhr-des-jahres-2012\/#primaryimage"},"thumbnailUrl":"https:\/\/www.ringier.com\/wp-content\/uploads\/2021\/09\/Press-Release-Default.png","datePublished":"2012-10-26T08:49:00+00:00","dateModified":"2024-11-29T13:55:28+00:00","breadcrumb":{"@id":"https:\/\/www.ringier.com\/de\/heritage-phases-de-lune-retrograde-8860-von-breguet-uhr-des-jahres-2012\/#breadcrumb"},"inLanguage":"de-DE","potentialAction":[{"@type":"ReadAction","target":["https:\/\/www.ringier.com\/de\/heritage-phases-de-lune-retrograde-8860-von-breguet-uhr-des-jahres-2012\/"]}]},{"@type":"ImageObject","inLanguage":"de-DE","@id":"https:\/\/www.ringier.com\/de\/heritage-phases-de-lune-retrograde-8860-von-breguet-uhr-des-jahres-2012\/#primaryimage","url":"https:\/\/www.ringier.com\/wp-content\/uploads\/2021\/09\/Press-Release-Default.png","contentUrl":"https:\/\/www.ringier.com\/wp-content\/uploads\/2021\/09\/Press-Release-Default.png","width":8001,"height":4201},{"@type":"BreadcrumbList","@id":"https:\/\/www.ringier.com\/de\/heritage-phases-de-lune-retrograde-8860-von-breguet-uhr-des-jahres-2012\/#breadcrumb","itemListElement":[{"@type":"ListItem","position":1,"name":"Home","item":"https:\/\/www.ringier.com\/de\/"},{"@type":"ListItem","position":2,"name":"H\u00e9ritage Phases de Lune R\u00e9trograde 8860 von Breguet Uhr des Jahres 2012"}]},{"@type":"WebSite","@id":"https:\/\/www.ringier.com\/de\/#website","url":"https:\/\/www.ringier.com\/de\/","name":"Ringier","description":"We inform. We entertain. We connect","publisher":{"@id":"https:\/\/www.ringier.com\/de\/#organization"},"potentialAction":[{"@type":"SearchAction","target":{"@type":"EntryPoint","urlTemplate":"https:\/\/www.ringier.com\/de\/?s={search_term_string}"},"query-input":{"@type":"PropertyValueSpecification","valueRequired":true,"valueName":"search_term_string"}}],"inLanguage":"de-DE"},{"@type":"Organization","@id":"https:\/\/www.ringier.com\/de\/#organization","name":"Ringier","url":"https:\/\/www.ringier.com\/de\/","logo":{"@type":"ImageObject","inLanguage":"de-DE","@id":"https:\/\/www.ringier.com\/de\/#\/schema\/logo\/image\/","url":"https:\/\/www.ringier.com\/wp-content\/uploads\/2021\/10\/ringier_logo_2.jpg","contentUrl":"https:\/\/www.ringier.com\/wp-content\/uploads\/2021\/10\/ringier_logo_2.jpg","width":750,"height":550,"caption":"Ringier"},"image":{"@id":"https:\/\/www.ringier.com\/de\/#\/schema\/logo\/image\/"},"sameAs":["https:\/\/www.facebook.com\/ringierag\/","https:\/\/x.com\/ringier_ag","https:\/\/www.instagram.com\/ringier_ag\/","https:\/\/www.linkedin.com\/company\/ringier\/","https:\/\/www.youtube.com\/user\/RingierComm","https:\/\/en.wikipedia.org\/wiki\/Ringier","https:\/\/de.wikipedia.org\/wiki\/Ringier","https:\/\/fr.wikipedia.org\/wiki\/Ringier","https:\/\/www.crunchbase.com\/organization\/ringier-ag"]},{"@type":"Person","@id":"https:\/\/www.ringier.com\/de\/#\/schema\/person\/4cf76a308dc4b2bb5121bd1e7b752e52","name":"Ringier Corporate Communications","image":{"@type":"ImageObject","inLanguage":"de-DE","@id":"https:\/\/www.ringier.com\/de\/#\/schema\/person\/image\/","url":"https:\/\/secure.gravatar.com\/avatar\/9391e20481368d5df4fe3e1e476c13b27786347489822ec1ed07e532bb41f587?s=96&d=mm&r=g","contentUrl":"https:\/\/secure.gravatar.com\/avatar\/9391e20481368d5df4fe3e1e476c13b27786347489822ec1ed07e532bb41f587?s=96&d=mm&r=g","caption":"Ringier Corporate Communications"},"sameAs":["https:\/\/www.ringier.com"]}]}},"_links":{"self":[{"href":"https:\/\/www.ringier.com\/de\/wp-json\/wp\/v2\/posts\/10244","targetHints":{"allow":["GET"]}}],"collection":[{"href":"https:\/\/www.ringier.com\/de\/wp-json\/wp\/v2\/posts"}],"about":[{"href":"https:\/\/www.ringier.com\/de\/wp-json\/wp\/v2\/types\/post"}],"author":[{"embeddable":true,"href":"https:\/\/www.ringier.com\/de\/wp-json\/wp\/v2\/users\/23"}],"replies":[{"embeddable":true,"href":"https:\/\/www.ringier.com\/de\/wp-json\/wp\/v2\/comments?post=10244"}],"version-history":[{"count":0,"href":"https:\/\/www.ringier.com\/de\/wp-json\/wp\/v2\/posts\/10244\/revisions"}],"wp:featuredmedia":[{"embeddable":true,"href":"https:\/\/www.ringier.com\/de\/wp-json\/wp\/v2\/media\/6232"}],"wp:attachment":[{"href":"https:\/\/www.ringier.com\/de\/wp-json\/wp\/v2\/media?parent=10244"}],"wp:term":[{"taxonomy":"category","embeddable":true,"href":"https:\/\/www.ringier.com\/de\/wp-json\/wp\/v2\/categories?post=10244"},{"taxonomy":"post_tag","embeddable":true,"href":"https:\/\/www.ringier.com\/de\/wp-json\/wp\/v2\/tags?post=10244"}],"curies":[{"name":"wp","href":"https:\/\/api.w.org\/{rel}","templated":true}]}}