{"id":10065,"date":"2012-11-22T09:17:00","date_gmt":"2012-11-22T08:17:00","guid":{"rendered":"https:\/\/www.ringier.com\/?p=10065"},"modified":"2024-11-29T14:52:29","modified_gmt":"2024-11-29T13:52:29","slug":"das-schweizer-auto-des-jahres-2013-der-neue-mazda6-macht-das-rennen","status":"publish","type":"post","link":"https:\/\/www.ringier.com\/de\/das-schweizer-auto-des-jahres-2013-der-neue-mazda6-macht-das-rennen\/","title":{"rendered":"\u00abDas Schweizer Auto des Jahres 2013\u00bb: Der neue Mazda6 macht das Rennen"},"content":{"rendered":"\n<p>Eine riesige Publikumsjury w\u00e4hlte die Mercedes-Benz A-Klasse zum \u00abLieblingsauto der Schweizer\u00bb. In den Spezialkategorien erhielten der Fiat Panda Natural Power den Titel \u00abDas gr\u00fcnste Auto der Schweiz\u00bb und der Aston Martin Vanquish den Titel \u00abDas stylischste Auto der Schweiz\u00bb.<\/p>\n\n\n\n<p>Die zweite Ausgabe der gr\u00f6ssten Wahl in der Geschichte der Schweizer Autobranche ist \u00fcber die B\u00fchne gegangen. Zusammen mit den Partnern AutoScout24, BLICK, SonntagsBlick, L\u2019illustr\u00e9 und il caff\u00e8 organisierte die Schweizer Illustrierte diese schweizweite Wahl.<\/p>\n\n\n\n<p>Drei Fachjurys k\u00fcrten \u00abDas Schweizer Auto des Jahres\u00bb, \u00abDas stylischste Auto der Schweiz\u00bb und \u00abDas gr\u00fcnste Auto der Schweiz\u00bb. \u00dcber 50&#8217;000 Leserinnen, Leser und User von Schweizer Illustrierte, BLICK, SonntagsBlick, AutoScout24, il caff\u00e8 und L\u2019illustr\u00e9 besuchten die Microsite www.schweizer-auto-des-jahres.ch und w\u00e4hlten \u00abDas Lieblingsauto der Schweizer\u00bb.<\/p>\n\n\n\n<p><strong>Das Schweizer Auto des Jahres: Mazda6<\/strong><\/p>\n\n\n\n<p>An der von Rainer Maria Salzgeber moderierten Auto-Gala in der Umwelt Arena Spreitenbach wurde die prestigetr\u00e4chtige Auszeichnung \u00abSchweizer Auto des Jahres 2013\u00bb an den neuen Mazda6 verliehen. Eine hochkar\u00e4tige, zehnk\u00f6pfige Fachjury (unter anderem mit Formel-1-Kommentator Marc Surer) k\u00fcrte den Japaner dank konsequentem Leichtbau und neuster Motorentechnologie mit deutlichem Vorsprung zum \u00abSchweizer Auto des Jahres 2013\u00bb. Der Mazda6 erhielt nach einem aufschlussreichen Testtag im TCS-Zentrum Betzholz von allen Jurymitgliedern Punkte, gleich zwei Mal gar das Maximum von 10 Punkten. Auf dem zweiten Platz landete der kleine Opel Adam. Der Stadtflitzer, der sich mit Hilfe dutzender Variationsm\u00f6glichkeiten in die Herzen der St\u00e4dter fahren will, liegt nur einen Punkt vor dem Dauerbrenner VW Golf, dessen siebte Generation diesen Herbst vorgestellt wurde.<\/p>\n\n\n\n<p><strong>Das Lieblingsauto der Schweizer: Mercedes-Benz A-Klasse<\/strong><\/p>\n\n\n\n<p>Nicht nur die Experten haben ihren Favoriten gew\u00e4hlt. Insgesamt w\u00e4hlten 51 325 Leserinnen, Leser und User von Schweizer Illustrierte, BLICK, SonntagsBlick, AutoScout24, il caff\u00e8 und L\u2019illustr\u00e9 aus den aus 42 Auto-Neuheiten \u00abDas Lieblingsauto der Schweizer\u00bb. Eine sehr beeindruckende und repr\u00e4sentative Teilnehmerzahl mit Voten aus allen Landesteilen.<\/p>\n\n\n\n<p>Die Publikumswahl war gepr\u00e4gt von Prestige und Marken-Sympathie. Die Lieblinge standen schon fr\u00fch fest. Von Beginn weg lagen mit der neuen A-Klasse von Mercedes-Benz (20,2%) und dem Aston Martin Vanquish (10,8%) die Favoriten vorne. Die Entscheidung fiel am Ende aber klar zu Gunsten der neuen Mercedes-Benz A-Klasse aus. Der Aston Martin belegte den zweiten Platz. Der VW Golf (9,3%) schaffte wie bei der Hauptwahl als dritter den Sprung auf Podest.<\/p>\n\n\n\n<p><strong>Das stylischste Auto der Schweiz: Aston Martin Vanquish<\/strong><\/p>\n\n\n\n<p>Die Auszeichnung \u00abDas stylischste Auto der Schweiz\u00bb wurde durch eine zehnk\u00f6pfige Prominentenjury vergeben. Mit dabei waren unter anderem SI Style-Chefredaktorin Sabina Hanselmann-Diethelm, die aktuelle Miss Schweiz Alina Buchschacher, Starkoch Andreas Caminada, Schwingerk\u00f6nig J\u00f6rg Abderhalden, Comedian Claudio Zuccolini und Ex-Mister Schweiz Renzo Blumenthal. Sie nahmen die zehn Finalisten genau unter die Lupe und diskutierten durchaus kontrovers ihre Meinungen. Dabei zeigte sich deutlich, dass Form und Design zwar Geschmacksache sind, ein Kandidat jedoch alle Geschm\u00e4cker anzusprechen vermochte. Nur eines der zehn Autos erhielt nicht nur von allen Jurymitgliedern Punkte, sondern auch zweimal das Punktemaximum, und konnte sich so klar den Sieg sichern: der Aston Martin Vanquish.<\/p>\n\n\n\n<p><strong>Das gr\u00fcnste Auto der Schweiz: Fiat Panda Natural Power<\/strong><\/p>\n\n\n\n<p>Vier Umwelt-Experten, unter anderem mit Christian Bach, Abteilungsleiter Verbrennungs-motoren bei der Empa, Mario Illien, Motorenentwickler sowie Gr\u00fcndungsmitglied der Firma Ilmor, w\u00e4hlten zusammen mit der Fachjury \u00abDas gr\u00fcnste Auto der Schweiz\u00bb. Keine leichte Aufgabe bei der grossen Vielfalt an Alternativantrieben: Vom reinen Elektrofahrzeug \u00fcber diverse Hybridkonzepte, bis hin zu herk\u00f6mmlichen Benzin- und Dieselversionen war alles mit dabei.<\/p>\n\n\n\n<p>Durchsetzen konnte sich schliesslich der Fiat Panda Natural Power, der sich mit Erd-\/Biogasantrieb und \u00fcberzeugenden Fahreigenschaften den ersten Rang sicherte. Der italienische Kleinwagen-Bestseller sammelte bei allen Experten Punkte.<\/p>\n\n\n\n<p><strong>Siegertroph\u00e4e von Rolf Knie<\/strong><\/p>\n\n\n\n<p>Schon f\u00fcr die Titelgewinner des vergangenen Jahres hatte Rolf Knie, 63, einen exklusiven Award geschaffen. F\u00fcr den Schweizer Artist, Maler, Schauspieler und K\u00fcnstler ist klar: \u00abEin Award muss zur Veranstaltung passen. Ich finde es l\u00e4cherlich, wenn jemand eine unf\u00f6rmige Wurst \u00fcberreicht bekommt, die keinen Bezug zur ausgezeichneten Leistung hat.\u00bb Daher kam f\u00fcr ihn auch keine abstrakte Skulptur in Frage. Rund 100 Autominiaturen in verschiedenen Gr\u00f6ssen hat Rolf Knie deshalb in eine Knetmasse gedr\u00fcckt. Dieser Fahrzeug-Block dient als Vorlage f\u00fcr eine Gussform, die mit Aluminium gef\u00fcllt wurde. \u00abDer Award ist so einem Leichtbau-Motorblock sehr \u00e4hnlich\u00bb, erkl\u00e4rt Rolf Knie.<\/p>\n\n\n\n<p><strong>Gl\u00fccklicher Leser gewinnt die Mercedes-Benz A-Klasse<\/strong><\/p>\n\n\n\n<p>Sein Gl\u00fcck kaum fassen konnte Jan Balzl aus Gwatt\/BE. Unter allen g\u00fcltigen W\u00e4hlerstimmen wurde er als Gewinner des Hauptpreises gezogen. So f\u00e4hrt er k\u00fcnftig eine Mercedes A-Klasse A 200 BlueEFFICIENCY im Wert von 48&#8217;675 Franken.<\/p>\n\n\n\n<p><strong>Die Sieger 2013 auf einen Blick<\/strong><\/p>\n\n\n\n<p><strong>\u00abDas Schweizer Auto des Jahres\u00bb<\/strong><br>1. Mazda6<br>2. Opel Adam<br>3. VW Golf<\/p>\n\n\n\n<p><strong>\u00abDas Lieblingsauto der Schweizer\u00bb<\/strong><br>1. Mercedes-Benz A-Klasse<br>2. Aston Martin Vanquish<br>3. VW Golf<\/p>\n\n\n\n<p><strong>\u00abDas gr\u00fcnste Auto der Schweiz\u00bb<\/strong><br>1. Fiat Panda Natural Power CNG<\/p>\n\n\n\n<p><strong>\u00abDas stylischste Auto der Schweiz\u00bb<\/strong><br>1. Aston Martin Vanquish<\/p>\n\n\n\n<p><\/p>\n\n\n<div id=\"gutenslider-2f410txk1\" class=\"wp-block-eedee-block-gutenslider gs-frontend content-change alignnone arrow-style-1 arrow-position-sides arrow-mb-none arrows-lg arrows-md arrows-sm dot-style-1 dots-lg dots-md dots-sm dot-position-bottom is-position-center-center mb-none wrap-auto-height\" data-parallax-direction=\"down\" data-parallax-amount=\"1.3\" data-lg-transition=\"lg-slide\" data-hash=\"\" ><div class=\"eedee-swiper-outer\" style=\"--gutenslider-min-height: 50vh;--gutenslider-arrow-size: 30px;--gutenslider-dot-size: 25px;--gutenslider-arrow-color: #ffffff;--gutenslider-dot-color: #ffffff;--gutenslider-padding-y-mobile: 40px;--gutenslider-padding-x-mobile: 40px;--gutenslider-padding-y-tablet: 40px;--gutenslider-padding-x-tablet: 40px;--gutenslider-padding-y-desktop: 40px;--gutenslider-padding-x-desktop: 40px;--gutenslider-bg-image: url();--gutenslider-min-height-md: 50vh;--gutenslider-min-height-sm: 50vh;--gutenslider-padding-x: 40px;--gutenslider-padding-x-md: 40px;--gutenslider-padding-x-sm: 20px;--gutenslider-padding-y: 40px;--gutenslider-padding-y-md: 40px;--gutenslider-padding-y-sm: 20px;--gutenslider-arrow-size-md: 30px;--gutenslider-arrow-size-sm: 30px;--gutenslider-dot-size-md: 25px;--gutenslider-dot-size-sm: 25px;--gutenslider-arrow-bg-color: transparent;--gutenslider-arrow-hover-color: #eeeeee;--gutenslider-arrow-bg-hover-color: transparent;--gutenslider-arrow-x-offset: 10px;--gutenslider-arrow-x-offset-md: 10px;--gutenslider-arrow-x-offset-sm: 10px;--gutenslider-arrow-y-offset: 0px;--gutenslider-arrow-y-offset-md: 0px;--gutenslider-arrow-y-offset-sm: 0px;--gutenslider-arrow-x-spacing: 0px;--gutenslider-dot-y-offset: 10px;--gutenslider-dot-y-offset-md: 10px;--gutenslider-dot-y-offset-sm: 10px;--gutenslider-margin-x: 0px;--gutenslider-margin-x-md: 0px;--gutenslider-margin-x-sm: 0px;--gutenslider-margin-y: 0px;--gutenslider-margin-y-md: 0px;--gutenslider-margin-y-sm: 0px;--gutenslider-divider-top: 60px;--gutenslider-divider-bottom: 60px;--gutenslider-lightgallery-bg: #ffffff;--gutenslider-lightgallery-font: #000000;--gs-first-pos: 50% 50%;--gs-gap-vertical: var( --wp--style--gallery-gap-default, var( --gallery-block--gutter-size, var( --wp--style--block-gap, 0.5em ) ) );--gs-gap-horizontal: var( --wp--style--gallery-gap-default, var( --gallery-block--gutter-size, var( --wp--style--block-gap, 0.5em ) ) );\"><div class=\"gutenslider-divider-top\" style=\"color:#fff;\"><\/div><div class=\"swiper\" data-settings='{\"autoplay\":{\"delay\":3000,\"pauseOnMouseEnter\":true,\"disableOnInteraction\":false},\"speed\":700,\"direction\":\"horizontal\",\"autoHeight\":\"\",\"loop\":true,\"centeredSlides\":true,\"spaceBetween\":0,\"slidesPerView\":1,\"slidesPerGroup\":1,\"effect\":\"slide\",\"coverflowEffect\":{\"rotate\":30,\"slideShadows\":false,\"depth\":100,\"stretch\":50,\"modifier\":1},\"fadeEffect\":{\"crossFade\":true},\"zoom\":\"\",\"navigation\":{\"nextEl\":\"#gutenslider-2f410txk1 .eedee-gutenslider-next\",\"prevEl\":\"#gutenslider-2f410txk1 .eedee-gutenslider-prev\"},\"pagination\":{\"type\":\"bullets\",\"clickable\":true,\"dynamicBullets\":false,\"el\":\"#gutenslider-2f410txk1 .eedee-gutenslider-pagination\"},\"pauseOnHover\":\"1\",\"watchSlidesProgress\":true,\"watchSlidesVisibility\":true,\"settingsMd\":{\"autoHeight\":\"\",\"slidesPerView\":1,\"slidesPerGroup\":1,\"spaceBetween\":0,\"loop\":true},\"settingsLg\":{\"autoHeight\":\"\",\"slidesPerView\":1,\"slidesPerGroup\":1,\"spaceBetween\":0,\"loop\":true},\"hasLg\":false,\"hasLgCounter\":true,\"isFullScreen\":false,\"arrowsFollowMouse\":false,\"lgTitle\":\"none\",\"lgCaption\":\"none\",\"lgThumbnails\":true,\"lgZoomEnabled\":false,\"keyboard\":{\"keyboard\":{\"enabled\":true,\"onlyInViewport\":true}},\"hashNavigation\":false,\"dividers\":false}'><div class=\"swiper-wrapper\">\n<div class=\"swiper-slide wp-block-eedee-block-gutenslide is-position-center-center ed-bg-image\" style=\"--ed-vw:300;--ed-vh:200;\" data-hash=\"\"><div class=\"eedee-background-div bg-image\"><img loading=\"lazy\" width=\"1000\" height=\"665\" class=\"wp-image-10135\" src=\"https:\/\/www.ringier.com\/wp-content\/uploads\/2021\/10\/SI-Car-of-the-year_Thinkabelle_2012.jpg\" alt=\"\" decoding=\"async\" style=\"object-fit: cover; object-position: 50% 50%;\"  data-title=\"SI-Car-of-the-year_Thinkabelle_2012\" srcset=\"https:\/\/www.ringier.com\/wp-content\/uploads\/2021\/10\/SI-Car-of-the-year_Thinkabelle_2012.jpg 1000w, https:\/\/www.ringier.com\/wp-content\/uploads\/2021\/10\/SI-Car-of-the-year_Thinkabelle_2012-300x200.jpg 300w, https:\/\/www.ringier.com\/wp-content\/uploads\/2021\/10\/SI-Car-of-the-year_Thinkabelle_2012-768x511.jpg 768w\" sizes=\"auto, (max-width: 1000px) 100vw, 1000px\" \/><div class=\"eedee-background-div__overlay\" style=\"opacity:1;\"><\/div><\/div><div class=\"slide-content\">\n\n<p class=\"has-text-align-center gutenslider-content-initial has-larger-font-size\"><\/p>\n\n<\/div><\/div>\n\n<div class=\"swiper-slide wp-block-eedee-block-gutenslide is-position-center-center ed-bg-image\" style=\"--ed-vw:300;--ed-vh:188;\" data-hash=\"\"><div class=\"eedee-background-div bg-image\"><img loading=\"lazy\" width=\"1000\" height=\"625\" class=\"wp-image-10138\" src=\"https:\/\/www.ringier.com\/wp-content\/uploads\/2021\/10\/SI-Car-of-the-year_Thinkabelle-2_2012.jpg\" alt=\"\" decoding=\"async\" style=\"object-fit: cover; object-position: 50% 50%;\"  data-title=\"SI-Car-of-the-year_Thinkabelle-2_2012\" srcset=\"https:\/\/www.ringier.com\/wp-content\/uploads\/2021\/10\/SI-Car-of-the-year_Thinkabelle-2_2012.jpg 1000w, https:\/\/www.ringier.com\/wp-content\/uploads\/2021\/10\/SI-Car-of-the-year_Thinkabelle-2_2012-300x188.jpg 300w, https:\/\/www.ringier.com\/wp-content\/uploads\/2021\/10\/SI-Car-of-the-year_Thinkabelle-2_2012-768x480.jpg 768w\" sizes=\"auto, (max-width: 1000px) 100vw, 1000px\" \/><div class=\"eedee-background-div__overlay\" style=\"opacity:1;\"><\/div><\/div><div class=\"slide-content\">\n\n<p class=\"has-text-align-center gutenslider-content-initial has-larger-font-size\"><\/p>\n\n<\/div><\/div>\n\n<div class=\"swiper-slide wp-block-eedee-block-gutenslide is-position-center-center ed-bg-image\" style=\"--ed-vw:300;--ed-vh:200;\" data-hash=\"\"><div class=\"eedee-background-div bg-image\"><img loading=\"lazy\" width=\"1000\" height=\"665\" class=\"wp-image-10141\" src=\"https:\/\/www.ringier.com\/wp-content\/uploads\/2021\/10\/SI_Car-of-the-year_Marcel-Guerry_2012.jpg\" alt=\"\" decoding=\"async\" style=\"object-fit: cover; object-position: 50% 50%;\"  data-title=\"SI_Car-of-the-year_Marcel-Guerry_2012\" srcset=\"https:\/\/www.ringier.com\/wp-content\/uploads\/2021\/10\/SI_Car-of-the-year_Marcel-Guerry_2012.jpg 1000w, https:\/\/www.ringier.com\/wp-content\/uploads\/2021\/10\/SI_Car-of-the-year_Marcel-Guerry_2012-300x200.jpg 300w, https:\/\/www.ringier.com\/wp-content\/uploads\/2021\/10\/SI_Car-of-the-year_Marcel-Guerry_2012-768x511.jpg 768w\" sizes=\"auto, (max-width: 1000px) 100vw, 1000px\" \/><div class=\"eedee-background-div__overlay\" style=\"opacity:1;\"><\/div><\/div><div class=\"slide-content\">\n\n<p class=\"has-text-align-center gutenslider-content-initial has-larger-font-size\"><\/p>\n\n<\/div><\/div>\n\n<div class=\"swiper-slide wp-block-eedee-block-gutenslide is-position-center-center ed-bg-image\" style=\"--ed-vw:300;--ed-vh:200;\" data-hash=\"\"><div class=\"eedee-background-div bg-image\"><img loading=\"lazy\" width=\"1000\" height=\"665\" class=\"wp-image-10072\" src=\"https:\/\/www.ringier.com\/wp-content\/uploads\/2021\/10\/SI_Car-of-the-year_Marc-Walder_2012.jpg\" alt=\"\" decoding=\"async\" style=\"object-fit: cover; object-position: 50% 50%;\"  data-title=\"SI_Car-of-the-year_Marc-Walder_2012\" srcset=\"https:\/\/www.ringier.com\/wp-content\/uploads\/2021\/10\/SI_Car-of-the-year_Marc-Walder_2012.jpg 1000w, https:\/\/www.ringier.com\/wp-content\/uploads\/2021\/10\/SI_Car-of-the-year_Marc-Walder_2012-300x200.jpg 300w, https:\/\/www.ringier.com\/wp-content\/uploads\/2021\/10\/SI_Car-of-the-year_Marc-Walder_2012-768x511.jpg 768w\" sizes=\"auto, (max-width: 1000px) 100vw, 1000px\" \/><div class=\"eedee-background-div__overlay\" style=\"opacity:1;\"><\/div><\/div><div class=\"slide-content\">\n\n<p class=\"has-text-align-center gutenslider-content-initial has-larger-font-size\"><\/p>\n\n<\/div><\/div>\n\n<div class=\"swiper-slide wp-block-eedee-block-gutenslide is-position-center-center ed-bg-image\" style=\"--ed-vw:300;--ed-vh:200;\" data-hash=\"\"><div class=\"eedee-background-div bg-image\"><img loading=\"lazy\" width=\"1000\" height=\"665\" class=\"wp-image-10075\" src=\"https:\/\/www.ringier.com\/wp-content\/uploads\/2021\/10\/SI_Car-of-the-year_Gala-Image_2012.jpg\" alt=\"\" decoding=\"async\" style=\"object-fit: cover; object-position: 50% 50%;\"  data-title=\"SI_Car-of-the-year_Gala-Image_2012\" srcset=\"https:\/\/www.ringier.com\/wp-content\/uploads\/2021\/10\/SI_Car-of-the-year_Gala-Image_2012.jpg 1000w, https:\/\/www.ringier.com\/wp-content\/uploads\/2021\/10\/SI_Car-of-the-year_Gala-Image_2012-300x200.jpg 300w, https:\/\/www.ringier.com\/wp-content\/uploads\/2021\/10\/SI_Car-of-the-year_Gala-Image_2012-768x511.jpg 768w\" sizes=\"auto, (max-width: 1000px) 100vw, 1000px\" \/><div class=\"eedee-background-div__overlay\" style=\"opacity:1;\"><\/div><\/div><div class=\"slide-content\">\n\n<p class=\"has-text-align-center gutenslider-content-initial has-larger-font-size\"><\/p>\n\n<\/div><\/div>\n\n<div class=\"swiper-slide wp-block-eedee-block-gutenslide is-position-center-center ed-bg-image\" style=\"--ed-vw:300;--ed-vh:209;\" data-hash=\"\"><div class=\"eedee-background-div bg-image\"><img loading=\"lazy\" width=\"1000\" height=\"696\" class=\"wp-image-10078\" src=\"https:\/\/www.ringier.com\/wp-content\/uploads\/2021\/10\/SI_Car-of-the-year_Morton_2012.jpg\" alt=\"\" decoding=\"async\" style=\"object-fit: cover; object-position: 50% 50%;\"  data-title=\"SI_Car-of-the-year_Morton_2012\" srcset=\"https:\/\/www.ringier.com\/wp-content\/uploads\/2021\/10\/SI_Car-of-the-year_Morton_2012.jpg 1000w, https:\/\/www.ringier.com\/wp-content\/uploads\/2021\/10\/SI_Car-of-the-year_Morton_2012-300x209.jpg 300w, https:\/\/www.ringier.com\/wp-content\/uploads\/2021\/10\/SI_Car-of-the-year_Morton_2012-768x535.jpg 768w\" sizes=\"auto, (max-width: 1000px) 100vw, 1000px\" \/><div class=\"eedee-background-div__overlay\" style=\"opacity:1;\"><\/div><\/div><div class=\"slide-content\">\n\n<p class=\"has-text-align-center gutenslider-content-initial has-larger-font-size\"><\/p>\n\n<\/div><\/div>\n\n<div class=\"swiper-slide wp-block-eedee-block-gutenslide is-position-center-center ed-bg-image\" style=\"--ed-vw:239;--ed-vh:300;\" data-hash=\"\"><div class=\"eedee-background-div bg-image\"><img loading=\"lazy\" width=\"360\" height=\"451\" class=\"wp-image-10081\" src=\"https:\/\/www.ringier.com\/wp-content\/uploads\/2021\/10\/SI_Car-of-the-year_Logo_2012.jpg\" alt=\"\" decoding=\"async\" style=\"object-fit: cover; object-position: 50% 50%;\"  data-title=\"SI_Car-of-the-year_Logo_2012\" srcset=\"https:\/\/www.ringier.com\/wp-content\/uploads\/2021\/10\/SI_Car-of-the-year_Logo_2012.jpg 360w, https:\/\/www.ringier.com\/wp-content\/uploads\/2021\/10\/SI_Car-of-the-year_Logo_2012-239x300.jpg 239w\" sizes=\"auto, (max-width: 360px) 100vw, 360px\" \/><div class=\"eedee-background-div__overlay\" style=\"opacity:1;\"><\/div><\/div><div class=\"slide-content\">\n\n<p class=\"has-text-align-center gutenslider-content-initial has-larger-font-size\"><\/p>\n\n<\/div><\/div>\n\n<div class=\"swiper-slide wp-block-eedee-block-gutenslide is-position-center-center ed-bg-image\" style=\"--ed-vw:300;--ed-vh:211;\" data-hash=\"\"><div class=\"eedee-background-div bg-image\"><img loading=\"lazy\" width=\"1024\" height=\"722\" class=\"wp-image-10084\" src=\"https:\/\/www.ringier.com\/wp-content\/uploads\/2021\/10\/SI_Car-of-the-year_Mazda-6_2012-1024x722.jpg\" alt=\"\" decoding=\"async\" style=\"object-fit: cover; object-position: 50% 50%;\"  data-title=\"SI_Car-of-the-year_Mazda-6_2012\" srcset=\"https:\/\/www.ringier.com\/wp-content\/uploads\/2021\/10\/SI_Car-of-the-year_Mazda-6_2012-1024x722.jpg 1024w, https:\/\/www.ringier.com\/wp-content\/uploads\/2021\/10\/SI_Car-of-the-year_Mazda-6_2012-300x211.jpg 300w, https:\/\/www.ringier.com\/wp-content\/uploads\/2021\/10\/SI_Car-of-the-year_Mazda-6_2012-768x541.jpg 768w, https:\/\/www.ringier.com\/wp-content\/uploads\/2021\/10\/SI_Car-of-the-year_Mazda-6_2012.jpg 1240w\" sizes=\"auto, (max-width: 1024px) 100vw, 1024px\" \/><div class=\"eedee-background-div__overlay\" style=\"opacity:1;\"><\/div><\/div><div class=\"slide-content\">\n\n<p class=\"has-text-align-center gutenslider-content-initial has-larger-font-size\"><\/p>\n\n<\/div><\/div>\n\n<div class=\"swiper-slide wp-block-eedee-block-gutenslide is-position-center-center ed-bg-image\" style=\"--ed-vw:300;--ed-vh:211;\" data-hash=\"\"><div class=\"eedee-background-div bg-image\"><img loading=\"lazy\" width=\"1024\" height=\"722\" class=\"wp-image-10090\" src=\"https:\/\/www.ringier.com\/wp-content\/uploads\/2021\/10\/SI_Car-of-the-year_Opel-Adam_2012-1024x722.jpg\" alt=\"\" decoding=\"async\" style=\"object-fit: cover; object-position: 50% 50%;\"  data-title=\"SI_Car-of-the-year_Opel-Adam_2012\" srcset=\"https:\/\/www.ringier.com\/wp-content\/uploads\/2021\/10\/SI_Car-of-the-year_Opel-Adam_2012-1024x722.jpg 1024w, https:\/\/www.ringier.com\/wp-content\/uploads\/2021\/10\/SI_Car-of-the-year_Opel-Adam_2012-300x211.jpg 300w, https:\/\/www.ringier.com\/wp-content\/uploads\/2021\/10\/SI_Car-of-the-year_Opel-Adam_2012-768x541.jpg 768w, https:\/\/www.ringier.com\/wp-content\/uploads\/2021\/10\/SI_Car-of-the-year_Opel-Adam_2012.jpg 1240w\" sizes=\"auto, (max-width: 1024px) 100vw, 1024px\" \/><div class=\"eedee-background-div__overlay\" style=\"opacity:1;\"><\/div><\/div><div class=\"slide-content\">\n\n<p class=\"has-text-align-center gutenslider-content-initial has-larger-font-size\"><\/p>\n\n<\/div><\/div>\n\n<div class=\"swiper-slide wp-block-eedee-block-gutenslide is-position-center-center ed-bg-image\" style=\"--ed-vw:300;--ed-vh:211;\" data-hash=\"\"><div class=\"eedee-background-div bg-image\"><img loading=\"lazy\" width=\"1024\" height=\"722\" class=\"wp-image-10087\" src=\"https:\/\/www.ringier.com\/wp-content\/uploads\/2021\/10\/SI_Car-of-the-year_Golf-3_2012-1024x722.jpg\" alt=\"\" decoding=\"async\" style=\"object-fit: cover; object-position: 50% 50%;\"  data-title=\"SI_Car-of-the-year_Golf-3_2012\" srcset=\"https:\/\/www.ringier.com\/wp-content\/uploads\/2021\/10\/SI_Car-of-the-year_Golf-3_2012-1024x722.jpg 1024w, https:\/\/www.ringier.com\/wp-content\/uploads\/2021\/10\/SI_Car-of-the-year_Golf-3_2012-300x211.jpg 300w, https:\/\/www.ringier.com\/wp-content\/uploads\/2021\/10\/SI_Car-of-the-year_Golf-3_2012-768x541.jpg 768w, https:\/\/www.ringier.com\/wp-content\/uploads\/2021\/10\/SI_Car-of-the-year_Golf-3_2012.jpg 1240w\" sizes=\"auto, (max-width: 1024px) 100vw, 1024px\" \/><div class=\"eedee-background-div__overlay\" style=\"opacity:1;\"><\/div><\/div><div class=\"slide-content\">\n\n<p class=\"has-text-align-center gutenslider-content-initial has-larger-font-size\"><\/p>\n\n<\/div><\/div>\n\n<div class=\"swiper-slide wp-block-eedee-block-gutenslide is-position-center-center ed-bg-image\" style=\"--ed-vw:300;--ed-vh:211;\" data-hash=\"\"><div class=\"eedee-background-div bg-image\"><img loading=\"lazy\" width=\"1024\" height=\"722\" class=\"wp-image-10093\" src=\"https:\/\/www.ringier.com\/wp-content\/uploads\/2021\/10\/SI_Car-of-the-year_Mercedes-A_2012-1024x722.jpg\" alt=\"\" decoding=\"async\" style=\"object-fit: cover; object-position: 50% 50%;\"  data-title=\"SI_Car-of-the-year_Mercedes-A_2012\" srcset=\"https:\/\/www.ringier.com\/wp-content\/uploads\/2021\/10\/SI_Car-of-the-year_Mercedes-A_2012-1024x722.jpg 1024w, https:\/\/www.ringier.com\/wp-content\/uploads\/2021\/10\/SI_Car-of-the-year_Mercedes-A_2012-300x211.jpg 300w, https:\/\/www.ringier.com\/wp-content\/uploads\/2021\/10\/SI_Car-of-the-year_Mercedes-A_2012-768x541.jpg 768w, https:\/\/www.ringier.com\/wp-content\/uploads\/2021\/10\/SI_Car-of-the-year_Mercedes-A_2012.jpg 1240w\" sizes=\"auto, (max-width: 1024px) 100vw, 1024px\" \/><div class=\"eedee-background-div__overlay\" style=\"opacity:1;\"><\/div><\/div><div class=\"slide-content\">\n\n<p class=\"has-text-align-center gutenslider-content-initial has-larger-font-size\"><\/p>\n\n<\/div><\/div>\n\n<div class=\"swiper-slide wp-block-eedee-block-gutenslide is-position-center-center ed-bg-image\" style=\"--ed-vw:300;--ed-vh:211;\" data-hash=\"\"><div class=\"eedee-background-div bg-image\"><img loading=\"lazy\" width=\"1024\" height=\"722\" class=\"wp-image-10096\" src=\"https:\/\/www.ringier.com\/wp-content\/uploads\/2021\/10\/SI_Car-of-the-year_Aston-Martin-Vanquish_2012-1024x722.jpg\" alt=\"\" decoding=\"async\" style=\"object-fit: cover; object-position: 50% 50%;\"  data-title=\"SI_Car-of-the-year_Aston-Martin-Vanquish_2012\" srcset=\"https:\/\/www.ringier.com\/wp-content\/uploads\/2021\/10\/SI_Car-of-the-year_Aston-Martin-Vanquish_2012-1024x722.jpg 1024w, https:\/\/www.ringier.com\/wp-content\/uploads\/2021\/10\/SI_Car-of-the-year_Aston-Martin-Vanquish_2012-300x211.jpg 300w, https:\/\/www.ringier.com\/wp-content\/uploads\/2021\/10\/SI_Car-of-the-year_Aston-Martin-Vanquish_2012-768x541.jpg 768w, https:\/\/www.ringier.com\/wp-content\/uploads\/2021\/10\/SI_Car-of-the-year_Aston-Martin-Vanquish_2012.jpg 1240w\" sizes=\"auto, (max-width: 1024px) 100vw, 1024px\" \/><div class=\"eedee-background-div__overlay\" style=\"opacity:1;\"><\/div><\/div><div class=\"slide-content\">\n\n<p class=\"has-text-align-center gutenslider-content-initial has-larger-font-size\"><\/p>\n\n<\/div><\/div>\n\n<div class=\"swiper-slide wp-block-eedee-block-gutenslide is-position-center-center ed-bg-image\" style=\"--ed-vw:300;--ed-vh:200;\" data-hash=\"\"><div class=\"eedee-background-div bg-image\"><img loading=\"lazy\" width=\"1000\" height=\"667\" class=\"wp-image-10099\" src=\"https:\/\/www.ringier.com\/wp-content\/uploads\/2021\/10\/SI_Car-of-the-year_Fiat-Panda_2012.jpg\" alt=\"\" decoding=\"async\" style=\"object-fit: cover; object-position: 50% 50%;\"  data-title=\"SI_Car-of-the-year_Fiat-Panda_2012\" srcset=\"https:\/\/www.ringier.com\/wp-content\/uploads\/2021\/10\/SI_Car-of-the-year_Fiat-Panda_2012.jpg 1000w, https:\/\/www.ringier.com\/wp-content\/uploads\/2021\/10\/SI_Car-of-the-year_Fiat-Panda_2012-300x200.jpg 300w, https:\/\/www.ringier.com\/wp-content\/uploads\/2021\/10\/SI_Car-of-the-year_Fiat-Panda_2012-768x512.jpg 768w\" sizes=\"auto, (max-width: 1000px) 100vw, 1000px\" \/><div class=\"eedee-background-div__overlay\" style=\"opacity:1;\"><\/div><\/div><div class=\"slide-content\">\n\n<p class=\"has-text-align-center gutenslider-content-initial has-larger-font-size\"><\/p>\n\n<\/div><\/div>\n\n<div class=\"swiper-slide wp-block-eedee-block-gutenslide is-position-center-center ed-bg-image\" style=\"--ed-vw:300;--ed-vh:200;\" data-hash=\"\"><div class=\"eedee-background-div bg-image\"><img loading=\"lazy\" width=\"1024\" height=\"681\" class=\"wp-image-10102\" src=\"https:\/\/www.ringier.com\/wp-content\/uploads\/2021\/10\/SI_Car-of-the-year_Mazda-6-Stage_2012-1024x681.jpg\" alt=\"\" decoding=\"async\" style=\"object-fit: cover; object-position: 50% 50%;\"  data-title=\"SI_Car-of-the-year_Mazda-6-Stage_2012\" srcset=\"https:\/\/www.ringier.com\/wp-content\/uploads\/2021\/10\/SI_Car-of-the-year_Mazda-6-Stage_2012-1024x681.jpg 1024w, https:\/\/www.ringier.com\/wp-content\/uploads\/2021\/10\/SI_Car-of-the-year_Mazda-6-Stage_2012-300x200.jpg 300w, https:\/\/www.ringier.com\/wp-content\/uploads\/2021\/10\/SI_Car-of-the-year_Mazda-6-Stage_2012-768x511.jpg 768w, https:\/\/www.ringier.com\/wp-content\/uploads\/2021\/10\/SI_Car-of-the-year_Mazda-6-Stage_2012.jpg 1500w\" sizes=\"auto, (max-width: 1024px) 100vw, 1024px\" \/><div class=\"eedee-background-div__overlay\" style=\"opacity:1;\"><\/div><\/div><div class=\"slide-content\">\n\n<p class=\"has-text-align-center gutenslider-content-initial has-larger-font-size\"><\/p>\n\n<\/div><\/div>\n\n<div class=\"swiper-slide wp-block-eedee-block-gutenslide is-position-center-center ed-bg-image\" style=\"--ed-vw:300;--ed-vh:200;\" data-hash=\"\"><div class=\"eedee-background-div bg-image\"><img loading=\"lazy\" width=\"1000\" height=\"665\" class=\"wp-image-10120\" src=\"https:\/\/www.ringier.com\/wp-content\/uploads\/2021\/10\/SI_Car-of-the-year_Domenico-Gaito_2012.jpg\" alt=\"\" decoding=\"async\" style=\"object-fit: cover; object-position: 50% 50%;\"  data-title=\"SI_Car-of-the-year_Domenico-Gaito_2012\" srcset=\"https:\/\/www.ringier.com\/wp-content\/uploads\/2021\/10\/SI_Car-of-the-year_Domenico-Gaito_2012.jpg 1000w, https:\/\/www.ringier.com\/wp-content\/uploads\/2021\/10\/SI_Car-of-the-year_Domenico-Gaito_2012-300x200.jpg 300w, https:\/\/www.ringier.com\/wp-content\/uploads\/2021\/10\/SI_Car-of-the-year_Domenico-Gaito_2012-768x511.jpg 768w\" sizes=\"auto, (max-width: 1000px) 100vw, 1000px\" \/><div class=\"eedee-background-div__overlay\" style=\"opacity:1;\"><\/div><\/div><div class=\"slide-content\">\n\n<p class=\"has-text-align-center gutenslider-content-initial has-larger-font-size\"><\/p>\n\n<\/div><\/div>\n\n<div class=\"swiper-slide wp-block-eedee-block-gutenslide is-position-center-center ed-bg-image\" style=\"--ed-vw:300;--ed-vh:200;\" data-hash=\"\"><div class=\"eedee-background-div bg-image\"><img loading=\"lazy\" width=\"1000\" height=\"665\" class=\"wp-image-10108\" src=\"https:\/\/www.ringier.com\/wp-content\/uploads\/2021\/10\/SI_Car-of-the-year_Marc-Walder-Stage_2012.jpg\" alt=\"\" decoding=\"async\" style=\"object-fit: cover; object-position: 50% 50%;\"  data-title=\"SI_Car-of-the-year_Marc-Walder-Stage_2012\" srcset=\"https:\/\/www.ringier.com\/wp-content\/uploads\/2021\/10\/SI_Car-of-the-year_Marc-Walder-Stage_2012.jpg 1000w, https:\/\/www.ringier.com\/wp-content\/uploads\/2021\/10\/SI_Car-of-the-year_Marc-Walder-Stage_2012-300x200.jpg 300w, https:\/\/www.ringier.com\/wp-content\/uploads\/2021\/10\/SI_Car-of-the-year_Marc-Walder-Stage_2012-768x511.jpg 768w\" sizes=\"auto, (max-width: 1000px) 100vw, 1000px\" \/><div class=\"eedee-background-div__overlay\" style=\"opacity:1;\"><\/div><\/div><div class=\"slide-content\">\n\n<p class=\"has-text-align-center gutenslider-content-initial has-larger-font-size\"><\/p>\n\n<\/div><\/div>\n\n<div class=\"swiper-slide wp-block-eedee-block-gutenslide is-position-center-center ed-bg-image\" style=\"--ed-vw:300;--ed-vh:200;\" data-hash=\"\"><div class=\"eedee-background-div bg-image\"><img loading=\"lazy\" width=\"1000\" height=\"665\" class=\"wp-image-10111\" src=\"https:\/\/www.ringier.com\/wp-content\/uploads\/2021\/10\/SI_Car-of-the-year_Eric-Laforge_2012.jpg\" alt=\"\" decoding=\"async\" style=\"object-fit: cover; object-position: 50% 50%;\"  data-title=\"SI_Car-of-the-year_Eric-Laforge_2012\" srcset=\"https:\/\/www.ringier.com\/wp-content\/uploads\/2021\/10\/SI_Car-of-the-year_Eric-Laforge_2012.jpg 1000w, https:\/\/www.ringier.com\/wp-content\/uploads\/2021\/10\/SI_Car-of-the-year_Eric-Laforge_2012-300x200.jpg 300w, https:\/\/www.ringier.com\/wp-content\/uploads\/2021\/10\/SI_Car-of-the-year_Eric-Laforge_2012-768x511.jpg 768w\" sizes=\"auto, (max-width: 1000px) 100vw, 1000px\" \/><div class=\"eedee-background-div__overlay\" style=\"opacity:1;\"><\/div><\/div><div class=\"slide-content\">\n\n<p class=\"has-text-align-center gutenslider-content-initial has-larger-font-size\"><\/p>\n\n<\/div><\/div>\n\n<div class=\"swiper-slide wp-block-eedee-block-gutenslide is-position-center-center ed-bg-image\" style=\"--ed-vw:300;--ed-vh:200;\" data-hash=\"\"><div class=\"eedee-background-div bg-image\"><img loading=\"lazy\" width=\"1000\" height=\"665\" class=\"wp-image-10114\" src=\"https:\/\/www.ringier.com\/wp-content\/uploads\/2021\/10\/SI_Car-of-the-year_Christoph-Aebi_2012.jpg\" alt=\"\" decoding=\"async\" style=\"object-fit: cover; object-position: 50% 50%;\"  data-title=\"SI_Car-of-the-year_Christoph-Aebi_2012\" srcset=\"https:\/\/www.ringier.com\/wp-content\/uploads\/2021\/10\/SI_Car-of-the-year_Christoph-Aebi_2012.jpg 1000w, https:\/\/www.ringier.com\/wp-content\/uploads\/2021\/10\/SI_Car-of-the-year_Christoph-Aebi_2012-300x200.jpg 300w, https:\/\/www.ringier.com\/wp-content\/uploads\/2021\/10\/SI_Car-of-the-year_Christoph-Aebi_2012-768x511.jpg 768w\" sizes=\"auto, (max-width: 1000px) 100vw, 1000px\" \/><div class=\"eedee-background-div__overlay\" style=\"opacity:1;\"><\/div><\/div><div class=\"slide-content\">\n\n<p class=\"has-text-align-center gutenslider-content-initial has-larger-font-size\"><\/p>\n\n<\/div><\/div>\n\n<div class=\"swiper-slide wp-block-eedee-block-gutenslide is-position-center-center ed-bg-image\" style=\"--ed-vw:300;--ed-vh:200;\" data-hash=\"\"><div class=\"eedee-background-div bg-image\"><img loading=\"lazy\" width=\"1000\" height=\"665\" class=\"wp-image-10117\" src=\"https:\/\/www.ringier.com\/wp-content\/uploads\/2021\/10\/SI_Car-of-the-year_Sabina-Hanselmann_2012.jpg\" alt=\"\" decoding=\"async\" style=\"object-fit: cover; object-position: 50% 50%;\"  data-title=\"SI_Car-of-the-year_Sabina-Hanselmann_2012\" srcset=\"https:\/\/www.ringier.com\/wp-content\/uploads\/2021\/10\/SI_Car-of-the-year_Sabina-Hanselmann_2012.jpg 1000w, https:\/\/www.ringier.com\/wp-content\/uploads\/2021\/10\/SI_Car-of-the-year_Sabina-Hanselmann_2012-300x200.jpg 300w, https:\/\/www.ringier.com\/wp-content\/uploads\/2021\/10\/SI_Car-of-the-year_Sabina-Hanselmann_2012-768x511.jpg 768w\" sizes=\"auto, (max-width: 1000px) 100vw, 1000px\" \/><div class=\"eedee-background-div__overlay\" style=\"opacity:1;\"><\/div><\/div><div class=\"slide-content\">\n\n<p class=\"has-text-align-center gutenslider-content-initial has-larger-font-size\"><\/p>\n\n<\/div><\/div>\n\n<div class=\"swiper-slide wp-block-eedee-block-gutenslide is-position-center-center ed-bg-image\" style=\"--ed-vw:300;--ed-vh:200;\" data-hash=\"\"><div class=\"eedee-background-div bg-image\"><img loading=\"lazy\" width=\"1000\" height=\"665\" class=\"wp-image-10105\" src=\"https:\/\/www.ringier.com\/wp-content\/uploads\/2021\/10\/SI_Car-of-the-year_Salzgeber_2012.jpg\" alt=\"\" decoding=\"async\" style=\"object-fit: cover; object-position: 50% 50%;\"  data-title=\"SI_Car-of-the-year_Salzgeber_2012\" srcset=\"https:\/\/www.ringier.com\/wp-content\/uploads\/2021\/10\/SI_Car-of-the-year_Salzgeber_2012.jpg 1000w, https:\/\/www.ringier.com\/wp-content\/uploads\/2021\/10\/SI_Car-of-the-year_Salzgeber_2012-300x200.jpg 300w, https:\/\/www.ringier.com\/wp-content\/uploads\/2021\/10\/SI_Car-of-the-year_Salzgeber_2012-768x511.jpg 768w\" sizes=\"auto, (max-width: 1000px) 100vw, 1000px\" \/><div class=\"eedee-background-div__overlay\" style=\"opacity:1;\"><\/div><\/div><div class=\"slide-content\">\n\n<p class=\"has-text-align-center gutenslider-content-initial has-larger-font-size\"><\/p>\n\n<\/div><\/div>\n\n<div class=\"swiper-slide wp-block-eedee-block-gutenslide is-position-center-center ed-bg-image\" style=\"--ed-vw:300;--ed-vh:200;\" data-hash=\"\"><div class=\"eedee-background-div bg-image\"><img loading=\"lazy\" width=\"1000\" height=\"665\" class=\"wp-image-10145\" src=\"https:\/\/www.ringier.com\/wp-content\/uploads\/2021\/10\/SI_Car-of-the-year_Alfred-Gubser_2012-1.jpg\" alt=\"\" decoding=\"async\" style=\"object-fit: cover; object-position: 50% 50%;\"  data-title=\"SI_Car-of-the-year_Alfred-Gubser_2012\" srcset=\"https:\/\/www.ringier.com\/wp-content\/uploads\/2021\/10\/SI_Car-of-the-year_Alfred-Gubser_2012-1.jpg 1000w, https:\/\/www.ringier.com\/wp-content\/uploads\/2021\/10\/SI_Car-of-the-year_Alfred-Gubser_2012-1-300x200.jpg 300w, https:\/\/www.ringier.com\/wp-content\/uploads\/2021\/10\/SI_Car-of-the-year_Alfred-Gubser_2012-1-768x511.jpg 768w\" sizes=\"auto, (max-width: 1000px) 100vw, 1000px\" \/><div class=\"eedee-background-div__overlay\" style=\"opacity:1;\"><\/div><\/div><div class=\"slide-content\">\n\n<p class=\"has-text-align-center gutenslider-content-initial has-larger-font-size\"><\/p>\n\n<\/div><\/div>\n\n<div class=\"swiper-slide wp-block-eedee-block-gutenslide is-position-center-center ed-bg-image\" style=\"--ed-vw:300;--ed-vh:200;\" data-hash=\"\"><div class=\"eedee-background-div bg-image\"><img loading=\"lazy\" width=\"1000\" height=\"665\" class=\"wp-image-10123\" src=\"https:\/\/www.ringier.com\/wp-content\/uploads\/2021\/10\/SI_Car-of-the-year_Urs-Heller_2012.jpg\" alt=\"\" decoding=\"async\" style=\"object-fit: cover; object-position: 50% 50%;\"  data-title=\"SI_Car-of-the-year_Urs-Heller_2012\" srcset=\"https:\/\/www.ringier.com\/wp-content\/uploads\/2021\/10\/SI_Car-of-the-year_Urs-Heller_2012.jpg 1000w, https:\/\/www.ringier.com\/wp-content\/uploads\/2021\/10\/SI_Car-of-the-year_Urs-Heller_2012-300x200.jpg 300w, https:\/\/www.ringier.com\/wp-content\/uploads\/2021\/10\/SI_Car-of-the-year_Urs-Heller_2012-768x511.jpg 768w\" sizes=\"auto, (max-width: 1000px) 100vw, 1000px\" \/><div class=\"eedee-background-div__overlay\" style=\"opacity:1;\"><\/div><\/div><div class=\"slide-content\">\n\n<p class=\"has-text-align-center gutenslider-content-initial has-larger-font-size\"><\/p>\n\n<\/div><\/div>\n\n<div class=\"swiper-slide wp-block-eedee-block-gutenslide is-position-center-center ed-bg-image\" style=\"--ed-vw:300;--ed-vh:200;\" data-hash=\"\"><div class=\"eedee-background-div bg-image\"><img loading=\"lazy\" width=\"1000\" height=\"665\" class=\"wp-image-10126\" src=\"https:\/\/www.ringier.com\/wp-content\/uploads\/2021\/10\/SI_Car-of-the-year_Peter-Fahrni_2012.jpg\" alt=\"\" decoding=\"async\" style=\"object-fit: cover; object-position: 50% 50%;\"  data-title=\"SI_Car-of-the-year_Peter-Fahrni_2012\" srcset=\"https:\/\/www.ringier.com\/wp-content\/uploads\/2021\/10\/SI_Car-of-the-year_Peter-Fahrni_2012.jpg 1000w, https:\/\/www.ringier.com\/wp-content\/uploads\/2021\/10\/SI_Car-of-the-year_Peter-Fahrni_2012-300x200.jpg 300w, https:\/\/www.ringier.com\/wp-content\/uploads\/2021\/10\/SI_Car-of-the-year_Peter-Fahrni_2012-768x511.jpg 768w\" sizes=\"auto, (max-width: 1000px) 100vw, 1000px\" \/><div class=\"eedee-background-div__overlay\" style=\"opacity:1;\"><\/div><\/div><div class=\"slide-content\">\n\n<p class=\"has-text-align-center gutenslider-content-initial has-larger-font-size\"><\/p>\n\n<\/div><\/div>\n\n<div class=\"swiper-slide wp-block-eedee-block-gutenslide is-position-center-center ed-bg-image\" style=\"--ed-vw:300;--ed-vh:200;\" data-hash=\"\"><div class=\"eedee-background-div bg-image\"><img loading=\"lazy\" width=\"1000\" height=\"666\" class=\"wp-image-10151\" src=\"https:\/\/www.ringier.com\/wp-content\/uploads\/2021\/10\/SI_Car-of-the-year_Action_2012.jpg\" alt=\"\" decoding=\"async\" style=\"object-fit: cover; object-position: 50% 50%;\"  data-title=\"SI_Car-of-the-year_Action_2012\" srcset=\"https:\/\/www.ringier.com\/wp-content\/uploads\/2021\/10\/SI_Car-of-the-year_Action_2012.jpg 1000w, https:\/\/www.ringier.com\/wp-content\/uploads\/2021\/10\/SI_Car-of-the-year_Action_2012-300x200.jpg 300w, https:\/\/www.ringier.com\/wp-content\/uploads\/2021\/10\/SI_Car-of-the-year_Action_2012-768x511.jpg 768w\" sizes=\"auto, (max-width: 1000px) 100vw, 1000px\" \/><div class=\"eedee-background-div__overlay\" style=\"opacity:1;\"><\/div><\/div><div class=\"slide-content\">\n\n<p class=\"has-text-align-center gutenslider-content-initial has-larger-font-size\"><\/p>\n\n<\/div><\/div>\n\n<div class=\"swiper-slide wp-block-eedee-block-gutenslide is-position-center-center ed-bg-image\" style=\"--ed-vw:300;--ed-vh:200;\" data-hash=\"\"><div class=\"eedee-background-div bg-image\"><img loading=\"lazy\" width=\"1000\" height=\"665\" class=\"wp-image-10129\" src=\"https:\/\/www.ringier.com\/wp-content\/uploads\/2021\/10\/SI_Car-of-the-year_Alfred-Gubser_2012.jpg\" alt=\"\" decoding=\"async\" style=\"object-fit: cover; object-position: 50% 50%;\"  data-title=\"SI_Car-of-the-year_Alfred-Gubser$_2012\" srcset=\"https:\/\/www.ringier.com\/wp-content\/uploads\/2021\/10\/SI_Car-of-the-year_Alfred-Gubser_2012.jpg 1000w, https:\/\/www.ringier.com\/wp-content\/uploads\/2021\/10\/SI_Car-of-the-year_Alfred-Gubser_2012-300x200.jpg 300w, https:\/\/www.ringier.com\/wp-content\/uploads\/2021\/10\/SI_Car-of-the-year_Alfred-Gubser_2012-768x511.jpg 768w\" sizes=\"auto, (max-width: 1000px) 100vw, 1000px\" \/><div class=\"eedee-background-div__overlay\" style=\"opacity:1;\"><\/div><\/div><div class=\"slide-content\">\n\n<p class=\"has-text-align-center gutenslider-content-initial has-larger-font-size\"><\/p>\n\n<\/div><\/div>\n\n<div class=\"swiper-slide wp-block-eedee-block-gutenslide is-position-center-center ed-bg-image\" style=\"--ed-vw:300;--ed-vh:200;\" data-hash=\"\"><div class=\"eedee-background-div bg-image\"><img loading=\"lazy\" width=\"1000\" height=\"665\" class=\"wp-image-10132\" src=\"https:\/\/www.ringier.com\/wp-content\/uploads\/2021\/10\/SI_Car-of-the-year_Cover_2012.jpg\" alt=\"\" decoding=\"async\" style=\"object-fit: cover; object-position: 50% 50%;\"  data-title=\"SI_Car-of-the-year_Cover_2012\" srcset=\"https:\/\/www.ringier.com\/wp-content\/uploads\/2021\/10\/SI_Car-of-the-year_Cover_2012.jpg 1000w, https:\/\/www.ringier.com\/wp-content\/uploads\/2021\/10\/SI_Car-of-the-year_Cover_2012-300x200.jpg 300w, https:\/\/www.ringier.com\/wp-content\/uploads\/2021\/10\/SI_Car-of-the-year_Cover_2012-768x511.jpg 768w\" sizes=\"auto, (max-width: 1000px) 100vw, 1000px\" \/><div class=\"eedee-background-div__overlay\" style=\"opacity:1;\"><\/div><\/div><div class=\"slide-content\">\n\n<p class=\"has-text-align-center gutenslider-content-initial has-larger-font-size\"><\/p>\n\n<\/div><\/div>\n<\/div><\/div><button class=\"eedee-gutenslider-nav eedee-gutenslider-prev\"><svg xmlns=\"http:\/\/www.w3.org\/2000\/svg\" viewBox=\"0 0 24 24\" width=\"24\" height=\"24\"><circle class=\"bg\" cx=\"13\" cy=\"12\" r=\"11\" \/><path fill=\"none\" d=\"M0 0h24v24H0z\"\/><path class=\"arrow\" d=\"M10.828 12l4.95 4.95-1.414 1.414L8 12l6.364-6.364 1.414 1.414z\"\/><\/svg><\/button><button class=\"eedee-gutenslider-nav eedee-gutenslider-next\"><svg xmlns=\"http:\/\/www.w3.org\/2000\/svg\" viewBox=\"0 0 24 24\" width=\"24\" height=\"24\"><circle class=\"bg\" cx=\"11\" cy=\"12\" r=\"11\" \/><path fill=\"none\" d=\"M0 0h24v24H0z\"\/><path class=\"arrow\" d=\"M13.172 12l-4.95-4.95 1.414-1.414L16 12l-6.364 6.364-1.414-1.414z\"\/><\/svg><\/button><div class=\"eedee-gutenslider-pagination\"><\/div><div class=\"gutenslider-divider-bottom \" style=\"color:#fff;\"><\/div><\/div><\/div>","protected":false},"excerpt":{"rendered":"<p>Zum zweiten Mal vergibt die Schweizer Illustrierte zusammen mit den Partnern AutoScout24, BLICK, SonntagsBlick, L\u2019illustr\u00e9 und il caff\u00e8 die Auszeichnung \u00abDas Schweizer Auto des Jahres\u00bb. 42 Autoneuheiten stellten sich der Wahl. Die erfahrenen Profis der Fachjury k\u00fcrten den neuen Mazda6 mit deutlichem Vorsprung zum \u00abSchweizer Auto des Jahres 2013\u00bb. <\/p>\n","protected":false},"author":23,"featured_media":10132,"comment_status":"closed","ping_status":"open","sticky":false,"template":"","format":"standard","meta":{"inline_featured_image":false,"footnotes":""},"categories":[371,361],"tags":[],"class_list":["post-10065","post","type-post","status-publish","format-standard","has-post-thumbnail","hentry","category-media-de","category-ringier-medien-schweiz"],"yoast_head":"<!-- This site is optimized with the Yoast SEO Premium plugin v27.0 (Yoast SEO v27.0) - https:\/\/yoast.com\/product\/yoast-seo-premium-wordpress\/ -->\n<title>\u00abDas Schweizer Auto des Jahres 2013\u00bb: Der neue Mazda6 macht das Rennen - Ringier<\/title>\n<meta name=\"robots\" content=\"index, follow, max-snippet:-1, max-image-preview:large, max-video-preview:-1\" \/>\n<link rel=\"canonical\" href=\"https:\/\/www.ringier.com\/de\/das-schweizer-auto-des-jahres-2013-der-neue-mazda6-macht-das-rennen\/\" \/>\n<meta property=\"og:locale\" content=\"de_DE\" \/>\n<meta property=\"og:type\" content=\"article\" \/>\n<meta property=\"og:title\" content=\"\u00abDas Schweizer Auto des Jahres 2013\u00bb: Der neue Mazda6 macht das Rennen\" \/>\n<meta property=\"og:description\" content=\"Zum zweiten Mal vergibt die Schweizer Illustrierte zusammen mit den Partnern AutoScout24, BLICK, SonntagsBlick, L\u2019illustr\u00e9 und il caff\u00e8 die Auszeichnung \u00abDas Schweizer Auto des Jahres\u00bb. 42 Autoneuheiten stellten sich der Wahl. Die erfahrenen Profis der Fachjury k\u00fcrten den neuen Mazda6 mit deutlichem Vorsprung zum \u00abSchweizer Auto des Jahres 2013\u00bb.\" \/>\n<meta property=\"og:url\" content=\"https:\/\/www.ringier.com\/de\/das-schweizer-auto-des-jahres-2013-der-neue-mazda6-macht-das-rennen\/\" \/>\n<meta property=\"og:site_name\" content=\"Ringier\" \/>\n<meta property=\"article:publisher\" content=\"https:\/\/www.facebook.com\/ringierag\/\" \/>\n<meta property=\"article:published_time\" content=\"2012-11-22T08:17:00+00:00\" \/>\n<meta property=\"article:modified_time\" content=\"2024-11-29T13:52:29+00:00\" \/>\n<meta property=\"og:image\" content=\"https:\/\/www.ringier.com\/wp-content\/uploads\/2021\/10\/SI_Car-of-the-year_Cover_2012.jpg\" \/>\n\t<meta property=\"og:image:width\" content=\"1000\" \/>\n\t<meta property=\"og:image:height\" content=\"665\" \/>\n\t<meta property=\"og:image:type\" content=\"image\/jpeg\" \/>\n<meta name=\"author\" content=\"Ringier Corporate Communications\" \/>\n<meta name=\"twitter:card\" content=\"summary_large_image\" \/>\n<meta name=\"twitter:creator\" content=\"@ringier_ag\" \/>\n<meta name=\"twitter:site\" content=\"@ringier_ag\" \/>\n<meta name=\"twitter:label1\" content=\"Verfasst von\" \/>\n\t<meta name=\"twitter:data1\" content=\"Ringier Corporate Communications\" \/>\n\t<meta name=\"twitter:label2\" content=\"Gesch\u00e4tzte Lesezeit\" \/>\n\t<meta name=\"twitter:data2\" content=\"5 Minuten\" \/>\n<script type=\"application\/ld+json\" class=\"yoast-schema-graph\">{\"@context\":\"https:\/\/schema.org\",\"@graph\":[{\"@type\":\"Article\",\"@id\":\"https:\/\/www.ringier.com\/de\/das-schweizer-auto-des-jahres-2013-der-neue-mazda6-macht-das-rennen\/#article\",\"isPartOf\":{\"@id\":\"https:\/\/www.ringier.com\/de\/das-schweizer-auto-des-jahres-2013-der-neue-mazda6-macht-das-rennen\/\"},\"author\":{\"name\":\"Ringier Corporate Communications\",\"@id\":\"https:\/\/www.ringier.com\/de\/#\/schema\/person\/4cf76a308dc4b2bb5121bd1e7b752e52\"},\"headline\":\"\u00abDas Schweizer Auto des Jahres 2013\u00bb: Der neue Mazda6 macht das Rennen\",\"datePublished\":\"2012-11-22T08:17:00+00:00\",\"dateModified\":\"2024-11-29T13:52:29+00:00\",\"mainEntityOfPage\":{\"@id\":\"https:\/\/www.ringier.com\/de\/das-schweizer-auto-des-jahres-2013-der-neue-mazda6-macht-das-rennen\/\"},\"wordCount\":807,\"publisher\":{\"@id\":\"https:\/\/www.ringier.com\/de\/#organization\"},\"image\":{\"@id\":\"https:\/\/www.ringier.com\/de\/das-schweizer-auto-des-jahres-2013-der-neue-mazda6-macht-das-rennen\/#primaryimage\"},\"thumbnailUrl\":\"https:\/\/www.ringier.com\/wp-content\/uploads\/2021\/10\/SI_Car-of-the-year_Cover_2012.jpg\",\"articleSection\":[\"Media\",\"Ringier Medien Schweiz\"],\"inLanguage\":\"de-DE\"},{\"@type\":\"WebPage\",\"@id\":\"https:\/\/www.ringier.com\/de\/das-schweizer-auto-des-jahres-2013-der-neue-mazda6-macht-das-rennen\/\",\"url\":\"https:\/\/www.ringier.com\/de\/das-schweizer-auto-des-jahres-2013-der-neue-mazda6-macht-das-rennen\/\",\"name\":\"\u00abDas Schweizer Auto des Jahres 2013\u00bb: Der neue Mazda6 macht das Rennen - Ringier\",\"isPartOf\":{\"@id\":\"https:\/\/www.ringier.com\/de\/#website\"},\"primaryImageOfPage\":{\"@id\":\"https:\/\/www.ringier.com\/de\/das-schweizer-auto-des-jahres-2013-der-neue-mazda6-macht-das-rennen\/#primaryimage\"},\"image\":{\"@id\":\"https:\/\/www.ringier.com\/de\/das-schweizer-auto-des-jahres-2013-der-neue-mazda6-macht-das-rennen\/#primaryimage\"},\"thumbnailUrl\":\"https:\/\/www.ringier.com\/wp-content\/uploads\/2021\/10\/SI_Car-of-the-year_Cover_2012.jpg\",\"datePublished\":\"2012-11-22T08:17:00+00:00\",\"dateModified\":\"2024-11-29T13:52:29+00:00\",\"breadcrumb\":{\"@id\":\"https:\/\/www.ringier.com\/de\/das-schweizer-auto-des-jahres-2013-der-neue-mazda6-macht-das-rennen\/#breadcrumb\"},\"inLanguage\":\"de-DE\",\"potentialAction\":[{\"@type\":\"ReadAction\",\"target\":[\"https:\/\/www.ringier.com\/de\/das-schweizer-auto-des-jahres-2013-der-neue-mazda6-macht-das-rennen\/\"]}]},{\"@type\":\"ImageObject\",\"inLanguage\":\"de-DE\",\"@id\":\"https:\/\/www.ringier.com\/de\/das-schweizer-auto-des-jahres-2013-der-neue-mazda6-macht-das-rennen\/#primaryimage\",\"url\":\"https:\/\/www.ringier.com\/wp-content\/uploads\/2021\/10\/SI_Car-of-the-year_Cover_2012.jpg\",\"contentUrl\":\"https:\/\/www.ringier.com\/wp-content\/uploads\/2021\/10\/SI_Car-of-the-year_Cover_2012.jpg\",\"width\":1000,\"height\":665},{\"@type\":\"BreadcrumbList\",\"@id\":\"https:\/\/www.ringier.com\/de\/das-schweizer-auto-des-jahres-2013-der-neue-mazda6-macht-das-rennen\/#breadcrumb\",\"itemListElement\":[{\"@type\":\"ListItem\",\"position\":1,\"name\":\"Home\",\"item\":\"https:\/\/www.ringier.com\/de\/\"},{\"@type\":\"ListItem\",\"position\":2,\"name\":\"\u00abDas Schweizer Auto des Jahres 2013\u00bb: Der neue Mazda6 macht das Rennen\"}]},{\"@type\":\"WebSite\",\"@id\":\"https:\/\/www.ringier.com\/de\/#website\",\"url\":\"https:\/\/www.ringier.com\/de\/\",\"name\":\"Ringier\",\"description\":\"We inform. We entertain. We connect\",\"publisher\":{\"@id\":\"https:\/\/www.ringier.com\/de\/#organization\"},\"potentialAction\":[{\"@type\":\"SearchAction\",\"target\":{\"@type\":\"EntryPoint\",\"urlTemplate\":\"https:\/\/www.ringier.com\/de\/?s={search_term_string}\"},\"query-input\":{\"@type\":\"PropertyValueSpecification\",\"valueRequired\":true,\"valueName\":\"search_term_string\"}}],\"inLanguage\":\"de-DE\"},{\"@type\":\"Organization\",\"@id\":\"https:\/\/www.ringier.com\/de\/#organization\",\"name\":\"Ringier\",\"url\":\"https:\/\/www.ringier.com\/de\/\",\"logo\":{\"@type\":\"ImageObject\",\"inLanguage\":\"de-DE\",\"@id\":\"https:\/\/www.ringier.com\/de\/#\/schema\/logo\/image\/\",\"url\":\"https:\/\/www.ringier.com\/wp-content\/uploads\/2021\/10\/ringier_logo_2.jpg\",\"contentUrl\":\"https:\/\/www.ringier.com\/wp-content\/uploads\/2021\/10\/ringier_logo_2.jpg\",\"width\":750,\"height\":550,\"caption\":\"Ringier\"},\"image\":{\"@id\":\"https:\/\/www.ringier.com\/de\/#\/schema\/logo\/image\/\"},\"sameAs\":[\"https:\/\/www.facebook.com\/ringierag\/\",\"https:\/\/x.com\/ringier_ag\",\"https:\/\/www.instagram.com\/ringier_ag\/\",\"https:\/\/www.linkedin.com\/company\/ringier\/\",\"https:\/\/www.youtube.com\/user\/RingierComm\",\"https:\/\/en.wikipedia.org\/wiki\/Ringier\",\"https:\/\/de.wikipedia.org\/wiki\/Ringier\",\"https:\/\/fr.wikipedia.org\/wiki\/Ringier\",\"https:\/\/www.crunchbase.com\/organization\/ringier-ag\"]},{\"@type\":\"Person\",\"@id\":\"https:\/\/www.ringier.com\/de\/#\/schema\/person\/4cf76a308dc4b2bb5121bd1e7b752e52\",\"name\":\"Ringier Corporate Communications\",\"image\":{\"@type\":\"ImageObject\",\"inLanguage\":\"de-DE\",\"@id\":\"https:\/\/www.ringier.com\/de\/#\/schema\/person\/image\/\",\"url\":\"https:\/\/secure.gravatar.com\/avatar\/9391e20481368d5df4fe3e1e476c13b27786347489822ec1ed07e532bb41f587?s=96&d=mm&r=g\",\"contentUrl\":\"https:\/\/secure.gravatar.com\/avatar\/9391e20481368d5df4fe3e1e476c13b27786347489822ec1ed07e532bb41f587?s=96&d=mm&r=g\",\"caption\":\"Ringier Corporate Communications\"},\"sameAs\":[\"https:\/\/www.ringier.com\"]}]}<\/script>\n<!-- \/ Yoast SEO Premium plugin. -->","yoast_head_json":{"title":"\u00abDas Schweizer Auto des Jahres 2013\u00bb: Der neue Mazda6 macht das Rennen - Ringier","robots":{"index":"index","follow":"follow","max-snippet":"max-snippet:-1","max-image-preview":"max-image-preview:large","max-video-preview":"max-video-preview:-1"},"canonical":"https:\/\/www.ringier.com\/de\/das-schweizer-auto-des-jahres-2013-der-neue-mazda6-macht-das-rennen\/","og_locale":"de_DE","og_type":"article","og_title":"\u00abDas Schweizer Auto des Jahres 2013\u00bb: Der neue Mazda6 macht das Rennen","og_description":"Zum zweiten Mal vergibt die Schweizer Illustrierte zusammen mit den Partnern AutoScout24, BLICK, SonntagsBlick, L\u2019illustr\u00e9 und il caff\u00e8 die Auszeichnung \u00abDas Schweizer Auto des Jahres\u00bb. 42 Autoneuheiten stellten sich der Wahl. Die erfahrenen Profis der Fachjury k\u00fcrten den neuen Mazda6 mit deutlichem Vorsprung zum \u00abSchweizer Auto des Jahres 2013\u00bb.","og_url":"https:\/\/www.ringier.com\/de\/das-schweizer-auto-des-jahres-2013-der-neue-mazda6-macht-das-rennen\/","og_site_name":"Ringier","article_publisher":"https:\/\/www.facebook.com\/ringierag\/","article_published_time":"2012-11-22T08:17:00+00:00","article_modified_time":"2024-11-29T13:52:29+00:00","og_image":[{"width":1000,"height":665,"url":"https:\/\/www.ringier.com\/wp-content\/uploads\/2021\/10\/SI_Car-of-the-year_Cover_2012.jpg","type":"image\/jpeg"}],"author":"Ringier Corporate Communications","twitter_card":"summary_large_image","twitter_creator":"@ringier_ag","twitter_site":"@ringier_ag","twitter_misc":{"Verfasst von":"Ringier Corporate Communications","Gesch\u00e4tzte Lesezeit":"5 Minuten"},"schema":{"@context":"https:\/\/schema.org","@graph":[{"@type":"Article","@id":"https:\/\/www.ringier.com\/de\/das-schweizer-auto-des-jahres-2013-der-neue-mazda6-macht-das-rennen\/#article","isPartOf":{"@id":"https:\/\/www.ringier.com\/de\/das-schweizer-auto-des-jahres-2013-der-neue-mazda6-macht-das-rennen\/"},"author":{"name":"Ringier Corporate Communications","@id":"https:\/\/www.ringier.com\/de\/#\/schema\/person\/4cf76a308dc4b2bb5121bd1e7b752e52"},"headline":"\u00abDas Schweizer Auto des Jahres 2013\u00bb: Der neue Mazda6 macht das Rennen","datePublished":"2012-11-22T08:17:00+00:00","dateModified":"2024-11-29T13:52:29+00:00","mainEntityOfPage":{"@id":"https:\/\/www.ringier.com\/de\/das-schweizer-auto-des-jahres-2013-der-neue-mazda6-macht-das-rennen\/"},"wordCount":807,"publisher":{"@id":"https:\/\/www.ringier.com\/de\/#organization"},"image":{"@id":"https:\/\/www.ringier.com\/de\/das-schweizer-auto-des-jahres-2013-der-neue-mazda6-macht-das-rennen\/#primaryimage"},"thumbnailUrl":"https:\/\/www.ringier.com\/wp-content\/uploads\/2021\/10\/SI_Car-of-the-year_Cover_2012.jpg","articleSection":["Media","Ringier Medien Schweiz"],"inLanguage":"de-DE"},{"@type":"WebPage","@id":"https:\/\/www.ringier.com\/de\/das-schweizer-auto-des-jahres-2013-der-neue-mazda6-macht-das-rennen\/","url":"https:\/\/www.ringier.com\/de\/das-schweizer-auto-des-jahres-2013-der-neue-mazda6-macht-das-rennen\/","name":"\u00abDas Schweizer Auto des Jahres 2013\u00bb: Der neue Mazda6 macht das Rennen - Ringier","isPartOf":{"@id":"https:\/\/www.ringier.com\/de\/#website"},"primaryImageOfPage":{"@id":"https:\/\/www.ringier.com\/de\/das-schweizer-auto-des-jahres-2013-der-neue-mazda6-macht-das-rennen\/#primaryimage"},"image":{"@id":"https:\/\/www.ringier.com\/de\/das-schweizer-auto-des-jahres-2013-der-neue-mazda6-macht-das-rennen\/#primaryimage"},"thumbnailUrl":"https:\/\/www.ringier.com\/wp-content\/uploads\/2021\/10\/SI_Car-of-the-year_Cover_2012.jpg","datePublished":"2012-11-22T08:17:00+00:00","dateModified":"2024-11-29T13:52:29+00:00","breadcrumb":{"@id":"https:\/\/www.ringier.com\/de\/das-schweizer-auto-des-jahres-2013-der-neue-mazda6-macht-das-rennen\/#breadcrumb"},"inLanguage":"de-DE","potentialAction":[{"@type":"ReadAction","target":["https:\/\/www.ringier.com\/de\/das-schweizer-auto-des-jahres-2013-der-neue-mazda6-macht-das-rennen\/"]}]},{"@type":"ImageObject","inLanguage":"de-DE","@id":"https:\/\/www.ringier.com\/de\/das-schweizer-auto-des-jahres-2013-der-neue-mazda6-macht-das-rennen\/#primaryimage","url":"https:\/\/www.ringier.com\/wp-content\/uploads\/2021\/10\/SI_Car-of-the-year_Cover_2012.jpg","contentUrl":"https:\/\/www.ringier.com\/wp-content\/uploads\/2021\/10\/SI_Car-of-the-year_Cover_2012.jpg","width":1000,"height":665},{"@type":"BreadcrumbList","@id":"https:\/\/www.ringier.com\/de\/das-schweizer-auto-des-jahres-2013-der-neue-mazda6-macht-das-rennen\/#breadcrumb","itemListElement":[{"@type":"ListItem","position":1,"name":"Home","item":"https:\/\/www.ringier.com\/de\/"},{"@type":"ListItem","position":2,"name":"\u00abDas Schweizer Auto des Jahres 2013\u00bb: Der neue Mazda6 macht das Rennen"}]},{"@type":"WebSite","@id":"https:\/\/www.ringier.com\/de\/#website","url":"https:\/\/www.ringier.com\/de\/","name":"Ringier","description":"We inform. We entertain. We connect","publisher":{"@id":"https:\/\/www.ringier.com\/de\/#organization"},"potentialAction":[{"@type":"SearchAction","target":{"@type":"EntryPoint","urlTemplate":"https:\/\/www.ringier.com\/de\/?s={search_term_string}"},"query-input":{"@type":"PropertyValueSpecification","valueRequired":true,"valueName":"search_term_string"}}],"inLanguage":"de-DE"},{"@type":"Organization","@id":"https:\/\/www.ringier.com\/de\/#organization","name":"Ringier","url":"https:\/\/www.ringier.com\/de\/","logo":{"@type":"ImageObject","inLanguage":"de-DE","@id":"https:\/\/www.ringier.com\/de\/#\/schema\/logo\/image\/","url":"https:\/\/www.ringier.com\/wp-content\/uploads\/2021\/10\/ringier_logo_2.jpg","contentUrl":"https:\/\/www.ringier.com\/wp-content\/uploads\/2021\/10\/ringier_logo_2.jpg","width":750,"height":550,"caption":"Ringier"},"image":{"@id":"https:\/\/www.ringier.com\/de\/#\/schema\/logo\/image\/"},"sameAs":["https:\/\/www.facebook.com\/ringierag\/","https:\/\/x.com\/ringier_ag","https:\/\/www.instagram.com\/ringier_ag\/","https:\/\/www.linkedin.com\/company\/ringier\/","https:\/\/www.youtube.com\/user\/RingierComm","https:\/\/en.wikipedia.org\/wiki\/Ringier","https:\/\/de.wikipedia.org\/wiki\/Ringier","https:\/\/fr.wikipedia.org\/wiki\/Ringier","https:\/\/www.crunchbase.com\/organization\/ringier-ag"]},{"@type":"Person","@id":"https:\/\/www.ringier.com\/de\/#\/schema\/person\/4cf76a308dc4b2bb5121bd1e7b752e52","name":"Ringier Corporate Communications","image":{"@type":"ImageObject","inLanguage":"de-DE","@id":"https:\/\/www.ringier.com\/de\/#\/schema\/person\/image\/","url":"https:\/\/secure.gravatar.com\/avatar\/9391e20481368d5df4fe3e1e476c13b27786347489822ec1ed07e532bb41f587?s=96&d=mm&r=g","contentUrl":"https:\/\/secure.gravatar.com\/avatar\/9391e20481368d5df4fe3e1e476c13b27786347489822ec1ed07e532bb41f587?s=96&d=mm&r=g","caption":"Ringier Corporate Communications"},"sameAs":["https:\/\/www.ringier.com"]}]}},"_links":{"self":[{"href":"https:\/\/www.ringier.com\/de\/wp-json\/wp\/v2\/posts\/10065","targetHints":{"allow":["GET"]}}],"collection":[{"href":"https:\/\/www.ringier.com\/de\/wp-json\/wp\/v2\/posts"}],"about":[{"href":"https:\/\/www.ringier.com\/de\/wp-json\/wp\/v2\/types\/post"}],"author":[{"embeddable":true,"href":"https:\/\/www.ringier.com\/de\/wp-json\/wp\/v2\/users\/23"}],"replies":[{"embeddable":true,"href":"https:\/\/www.ringier.com\/de\/wp-json\/wp\/v2\/comments?post=10065"}],"version-history":[{"count":0,"href":"https:\/\/www.ringier.com\/de\/wp-json\/wp\/v2\/posts\/10065\/revisions"}],"wp:featuredmedia":[{"embeddable":true,"href":"https:\/\/www.ringier.com\/de\/wp-json\/wp\/v2\/media\/10132"}],"wp:attachment":[{"href":"https:\/\/www.ringier.com\/de\/wp-json\/wp\/v2\/media?parent=10065"}],"wp:term":[{"taxonomy":"category","embeddable":true,"href":"https:\/\/www.ringier.com\/de\/wp-json\/wp\/v2\/categories?post=10065"},{"taxonomy":"post_tag","embeddable":true,"href":"https:\/\/www.ringier.com\/de\/wp-json\/wp\/v2\/tags?post=10065"}],"curies":[{"name":"wp","href":"https:\/\/api.w.org\/{rel}","templated":true}]}}